{"id":19636,"date":"2021-01-02T19:45:27","date_gmt":"2021-01-02T17:45:27","guid":{"rendered":"https:\/\/www.emmanuelastier.com\/?p=19636"},"modified":"2025-01-22T09:01:13","modified_gmt":"2025-01-22T07:01:13","slug":"nouveautes-2021","status":"publish","type":"post","link":"https:\/\/www.emmanuelastier.com\/index.php\/2021\/01\/02\/nouveautes-2021\/","title":{"rendered":"Nouveaut\u00e9s 2021"},"content":{"rendered":"\n<p>En cette nouvelle ann\u00e9e , je vous propose des changements de taille &#8230;puisque le plus significatif est mon d\u00e9part de Tours , pour la charmante et dynamique  ville d&rsquo;Amboise !<\/p>\n\n\n\n<p>En effet, <strong>apr\u00e8s plus de 10 ans \u00e0 Tours<\/strong> , j&rsquo;ai voulu apporter une nouvelle perspective \u00e0 mon activit\u00e9 &#8230; et comme je n&rsquo;affectionne rien de plus que de travailler de chez moi ( tiens .. aurais je \u00e9t\u00e9 avant-gardiste ?? ) &#8230; j&rsquo;ai choisi un lieu me permettant de faire \u00e9voluer mon cabinet , en y installant (sur l&rsquo;ann\u00e9e 2021 &#8230;) un Potager <strong>P\u00e9dagogique<\/strong> et <strong>th\u00e9rapeutique<\/strong> sous l&rsquo;\u00e9gide de <strong>l&rsquo;Association L&rsquo;Art des 6 Sens <\/strong>, ainsi que des <strong>conf\u00e9rences<\/strong> , et <strong>ateliers<\/strong> autour de la <strong>sant\u00e9 physique , mentale , \u00e9motionnelle , spirituelle<\/strong> , qui seront des moments de rencontres en petit nombre avec divers <strong>intervenants<\/strong> au fil des mois et toujours en ext\u00e9rieur &#8230;<\/p>\n\n\n\n<p>L&rsquo;\u00e9t\u00e9 \u00e0 l&rsquo;ombre des arbres en profitant d&rsquo;un joli bassin d&rsquo;agr\u00e9ment , l&rsquo;hiver autour d&rsquo;un bras\u00e9ro emmitoufl\u00e9 dans votre plaid &#8230;<\/p>\n\n\n\n<p>Bien sur , je continue \u00e0 vous recevoir aussi en virtuel et les \u00e9v\u00e8nements seront film\u00e9s afin que le plus grands nombre en profite..!<\/p>\n\n\n\n<p>De plus , je suis aussi maintenant membre de la Chambre Syndicale de Sophrologie <\/p>\n\n\n\n<figure class=\"wp-block-image size-large\"><img data-recalc-dims=\"1\" loading=\"lazy\" decoding=\"async\" width=\"267\" height=\"189\" data-attachment-id=\"19637\" data-permalink=\"https:\/\/www.emmanuelastier.com\/index.php\/2021\/01\/02\/nouveautes-2021\/logo-chambre-syndicale-sophrologie-1\/\" data-orig-file=\"https:\/\/i0.wp.com\/www.emmanuelastier.com\/wp-content\/uploads\/2021\/01\/logo-Chambre-syndicale-sophrologie-1.jpg?fit=267%2C189&amp;ssl=1\" data-orig-size=\"267,189\" data-comments-opened=\"1\" data-image-meta=\"{&quot;aperture&quot;:&quot;0&quot;,&quot;credit&quot;:&quot;&quot;,&quot;camera&quot;:&quot;&quot;,&quot;caption&quot;:&quot;&quot;,&quot;created_timestamp&quot;:&quot;0&quot;,&quot;copyright&quot;:&quot;&quot;,&quot;focal_length&quot;:&quot;0&quot;,&quot;iso&quot;:&quot;0&quot;,&quot;shutter_speed&quot;:&quot;0&quot;,&quot;title&quot;:&quot;&quot;,&quot;orientation&quot;:&quot;0&quot;}\" data-image-title=\"logo-Chambre-syndicale-sophrologie-1\" data-image-description=\"\" data-image-caption=\"\" data-large-file=\"https:\/\/i0.wp.com\/www.emmanuelastier.com\/wp-content\/uploads\/2021\/01\/logo-Chambre-syndicale-sophrologie-1.jpg?fit=267%2C189&amp;ssl=1\" src=\"https:\/\/i0.wp.com\/www.emmanuelastier.com\/wp-content\/uploads\/2021\/01\/logo-Chambre-syndicale-sophrologie-1.jpg?resize=267%2C189&#038;ssl=1\" alt=\"\" class=\"wp-image-19637\"\/><\/figure>\n\n\n\n<p>Et je vous propose comme la loi le stipule un service de m\u00e9diation de la consommation &#8230;<\/p>\n\n\n\n<figure class=\"wp-block-image size-large\"><img data-recalc-dims=\"1\" loading=\"lazy\" decoding=\"async\" width=\"200\" height=\"200\" data-attachment-id=\"19638\" data-permalink=\"https:\/\/www.emmanuelastier.com\/index.php\/2021\/01\/02\/nouveautes-2021\/photo-logo-cnpm-mediation-1\/\" data-orig-file=\"https:\/\/i0.wp.com\/www.emmanuelastier.com\/wp-content\/uploads\/2021\/01\/photo-logo-CNPM-mediation-1.jpg?fit=200%2C200&amp;ssl=1\" data-orig-size=\"200,200\" data-comments-opened=\"1\" data-image-meta=\"{&quot;aperture&quot;:&quot;0&quot;,&quot;credit&quot;:&quot;&quot;,&quot;camera&quot;:&quot;&quot;,&quot;caption&quot;:&quot;&quot;,&quot;created_timestamp&quot;:&quot;0&quot;,&quot;copyright&quot;:&quot;&quot;,&quot;focal_length&quot;:&quot;0&quot;,&quot;iso&quot;:&quot;0&quot;,&quot;shutter_speed&quot;:&quot;0&quot;,&quot;title&quot;:&quot;&quot;,&quot;orientation&quot;:&quot;0&quot;}\" data-image-title=\"photo-logo-CNPM-mediation-1\" data-image-description=\"\" data-image-caption=\"\" data-large-file=\"https:\/\/i0.wp.com\/www.emmanuelastier.com\/wp-content\/uploads\/2021\/01\/photo-logo-CNPM-mediation-1.jpg?fit=200%2C200&amp;ssl=1\" src=\"https:\/\/i0.wp.com\/www.emmanuelastier.com\/wp-content\/uploads\/2021\/01\/photo-logo-CNPM-mediation-1.jpg?resize=200%2C200&#038;ssl=1\" alt=\"\" class=\"wp-image-19638\" srcset=\"https:\/\/i0.wp.com\/www.emmanuelastier.com\/wp-content\/uploads\/2021\/01\/photo-logo-CNPM-mediation-1.jpg?w=200&amp;ssl=1 200w, https:\/\/i0.wp.com\/www.emmanuelastier.com\/wp-content\/uploads\/2021\/01\/photo-logo-CNPM-mediation-1.jpg?resize=150%2C150&amp;ssl=1 150w, https:\/\/i0.wp.com\/www.emmanuelastier.com\/wp-content\/uploads\/2021\/01\/photo-logo-CNPM-mediation-1.jpg?resize=100%2C100&amp;ssl=1 100w\" sizes=\"auto, (max-width: 200px) 100vw, 200px\" \/><\/figure>\n\n\n\n<p>Mais la nouveaut\u00e9 dont je suis le plus fier est mon titre officiel de coaching en pr\u00e9paration mentale en optimisation de performance &#8230; titre RNCP <\/p>\n\n\n\n<p>Seul titre officiellement reconnu par l&rsquo;\u00e9tat&#8230;<\/p>\n\n\n\n<figure class=\"wp-block-image size-large is-style-rounded\"><img data-recalc-dims=\"1\" loading=\"lazy\" decoding=\"async\" width=\"292\" height=\"172\" data-attachment-id=\"19639\" data-permalink=\"https:\/\/www.emmanuelastier.com\/index.php\/2021\/01\/02\/nouveautes-2021\/titre-rncp-logo\/\" data-orig-file=\"https:\/\/i0.wp.com\/www.emmanuelastier.com\/wp-content\/uploads\/2021\/01\/titre-RNCP-logo.jpg?fit=292%2C172&amp;ssl=1\" data-orig-size=\"292,172\" data-comments-opened=\"1\" data-image-meta=\"{&quot;aperture&quot;:&quot;0&quot;,&quot;credit&quot;:&quot;&quot;,&quot;camera&quot;:&quot;&quot;,&quot;caption&quot;:&quot;&quot;,&quot;created_timestamp&quot;:&quot;0&quot;,&quot;copyright&quot;:&quot;&quot;,&quot;focal_length&quot;:&quot;0&quot;,&quot;iso&quot;:&quot;0&quot;,&quot;shutter_speed&quot;:&quot;0&quot;,&quot;title&quot;:&quot;&quot;,&quot;orientation&quot;:&quot;0&quot;}\" data-image-title=\"titre-RNCP-logo\" data-image-description=\"\" data-image-caption=\"\" data-large-file=\"https:\/\/i0.wp.com\/www.emmanuelastier.com\/wp-content\/uploads\/2021\/01\/titre-RNCP-logo.jpg?fit=292%2C172&amp;ssl=1\" src=\"https:\/\/i0.wp.com\/www.emmanuelastier.com\/wp-content\/uploads\/2021\/01\/titre-RNCP-logo.jpg?resize=292%2C172&#038;ssl=1\" alt=\"\" class=\"wp-image-19639\"\/><figcaption>  <\/figcaption><\/figure>\n\n\n\n<p>L&rsquo;opportunit\u00e9 de vous aider \u00e0 avancer et progresser malgr\u00e9 les al\u00e9as comme je le fais moi m\u00eame &#8230; afin que vous aussi ayez &#8230;<\/p>\n\n\n\n<p>Une belle Ann\u00e9e 2021 en perspective  !!<\/p>\n\n\n\n<p><\/p>\n\n\n\n<p><\/p>\n","protected":false},"excerpt":{"rendered":"<p>En cette nouvelle ann\u00e9e , je vous propose des changements de taille &#8230;puisque le plus significatif est mon d\u00e9part de Tours , pour la charmante et dynamique ville d&rsquo;Amboise ! En effet, apr\u00e8s plus de 10 ans \u00e0 Tours ,&hellip; <\/p>\n","protected":false},"author":1,"featured_media":19631,"comment_status":"open","ping_status":"open","sticky":true,"template":"","format":"standard","meta":{"_uag_custom_page_level_css":"","_mbp_gutenberg_autopost":false,"jetpack_post_was_ever_published":false,"_jetpack_newsletter_access":"","_jetpack_dont_email_post_to_subs":false,"_jetpack_newsletter_tier_id":0,"_jetpack_memberships_contains_paywalled_content":false,"_jetpack_memberships_contains_paid_content":false,"footnotes":"","jetpack_publicize_message":"","jetpack_publicize_feature_enabled":true,"jetpack_social_post_already_shared":true,"jetpack_social_options":{"image_generator_settings":{"template":"highway","default_image_id":0,"font":"","enabled":false},"version":2}},"categories":[9,1221,19],"tags":[520,521,519],"class_list":["post-19636","post","type-post","status-publish","format-standard","has-post-thumbnail","hentry","category-actualites","category-articles","category-ateliers-en-touraine","tag-520","tag-amboise","tag-nouveaute"],"jetpack_publicize_connections":[],"jetpack_featured_media_url":"https:\/\/i0.wp.com\/www.emmanuelastier.com\/wp-content\/uploads\/2021\/01\/amboise-1600x792-1.jpg?fit=1600%2C792&ssl=1","uagb_featured_image_src":{"full":["https:\/\/i0.wp.com\/www.emmanuelastier.com\/wp-content\/uploads\/2021\/01\/amboise-1600x792-1.jpg?fit=1600%2C792&ssl=1",1600,792,false],"thumbnail":["https:\/\/i0.wp.com\/www.emmanuelastier.com\/wp-content\/uploads\/2021\/01\/amboise-1600x792-1.jpg?resize=150%2C150&ssl=1",150,150,true],"medium":["https:\/\/i0.wp.com\/www.emmanuelastier.com\/wp-content\/uploads\/2021\/01\/amboise-1600x792-1.jpg?fit=300%2C149&ssl=1",300,149,true],"medium_large":["https:\/\/i0.wp.com\/www.emmanuelastier.com\/wp-content\/uploads\/2021\/01\/amboise-1600x792-1.jpg?fit=700%2C346&ssl=1",700,346,true],"large":["https:\/\/i0.wp.com\/www.emmanuelastier.com\/wp-content\/uploads\/2021\/01\/amboise-1600x792-1.jpg?fit=700%2C347&ssl=1",700,347,true],"1536x1536":["https:\/\/i0.wp.com\/www.emmanuelastier.com\/wp-content\/uploads\/2021\/01\/amboise-1600x792-1.jpg?fit=1536%2C760&ssl=1",1536,760,true],"2048x2048":["https:\/\/i0.wp.com\/www.emmanuelastier.com\/wp-content\/uploads\/2021\/01\/amboise-1600x792-1.jpg?fit=1600%2C792&ssl=1",1600,792,true],"pgmb-post-image":["https:\/\/i0.wp.com\/www.emmanuelastier.com\/wp-content\/uploads\/2021\/01\/amboise-1600x792-1.jpg?resize=1200%2C667&ssl=1",1200,667,true],"travelify-featured":["https:\/\/i0.wp.com\/www.emmanuelastier.com\/wp-content\/uploads\/2021\/01\/amboise-1600x792-1.jpg?resize=670%2C300&ssl=1",670,300,true],"travelify-featured-medium":["https:\/\/i0.wp.com\/www.emmanuelastier.com\/wp-content\/uploads\/2021\/01\/amboise-1600x792-1.jpg?resize=230%2C230&ssl=1",230,230,true],"travelify-slider":["https:\/\/i0.wp.com\/www.emmanuelastier.com\/wp-content\/uploads\/2021\/01\/amboise-1600x792-1.jpg?resize=1018%2C460&ssl=1",1018,460,true],"travelify-gallery":["https:\/\/i0.wp.com\/www.emmanuelastier.com\/wp-content\/uploads\/2021\/01\/amboise-1600x792-1.jpg?resize=474%2C342&ssl=1",474,342,true],"woocommerce_thumbnail":["https:\/\/i0.wp.com\/www.emmanuelastier.com\/wp-content\/uploads\/2021\/01\/amboise-1600x792-1.jpg?fit=300%2C149&ssl=1",300,149,true],"woocommerce_single":["https:\/\/i0.wp.com\/www.emmanuelastier.com\/wp-content\/uploads\/2021\/01\/amboise-1600x792-1.jpg?fit=600%2C297&ssl=1",600,297,true],"woocommerce_gallery_thumbnail":["https:\/\/i0.wp.com\/www.emmanuelastier.com\/wp-content\/uploads\/2021\/01\/amboise-1600x792-1.jpg?resize=100%2C100&ssl=1",100,100,true]},"uagb_author_info":{"display_name":"emmanuelastier37","author_link":"https:\/\/www.emmanuelastier.com\/index.php\/author\/emmanuelastier37\/"},"uagb_comment_info":0,"uagb_excerpt":"En cette nouvelle ann\u00e9e , je vous propose des changements de taille &#8230;puisque le plus significatif est mon d\u00e9part de Tours , pour la charmante et dynamique ville d&rsquo;Amboise ! En effet, apr\u00e8s plus de 10 ans \u00e0 Tours ,&hellip;","jetpack_sharing_enabled":true,"jetpack_shortlink":"https:\/\/wp.me\/p6uLbm-56I","jetpack-related-posts":[{"id":19819,"url":"https:\/\/www.emmanuelastier.com\/index.php\/2024\/12\/13\/3-habitudes-indispensables-pour-etre-zen-au-quotidien\/","url_meta":{"origin":19636,"position":0},"title":"Mes 3 habitudes indispensables pour \u00eatre zen tous les jours !","author":"emmanuelastier37","date":"13 d\u00e9cembre 2024","format":false,"excerpt":"Olivier Roland, blogueur en d\u00e9veloppement personnel, m'a invit\u00e9 \u00e0 l'\u00c9v\u00e9nement inter-blogueurs 2024. J'ai r\u00e9fl\u00e9chi \u00e0 mes routines pour rester zen : me lever t\u00f4t, partager un petit d\u00e9jeuner \u00e9quilibr\u00e9, et me connecter \u00e0 la nature. Ces rituels renforcent mon bien-\u00eatre et ma s\u00e9r\u00e9nit\u00e9 face aux d\u00e9fis quotidiens. Quelles sont vos\u2026","rel":"","context":"Dans &quot;Actualit\u00e9s !&quot;","block_context":{"text":"Actualit\u00e9s !","link":"https:\/\/www.emmanuelastier.com\/index.php\/category\/actualites\/"},"img":{"alt_text":"","src":"https:\/\/i0.wp.com\/www.emmanuelastier.com\/wp-content\/uploads\/2024\/08\/Emmanuel-1.jpg?fit=900%2C1200&ssl=1&resize=350%2C200","width":350,"height":200,"srcset":"https:\/\/i0.wp.com\/www.emmanuelastier.com\/wp-content\/uploads\/2024\/08\/Emmanuel-1.jpg?fit=900%2C1200&ssl=1&resize=350%2C200 1x, https:\/\/i0.wp.com\/www.emmanuelastier.com\/wp-content\/uploads\/2024\/08\/Emmanuel-1.jpg?fit=900%2C1200&ssl=1&resize=525%2C300 1.5x, https:\/\/i0.wp.com\/www.emmanuelastier.com\/wp-content\/uploads\/2024\/08\/Emmanuel-1.jpg?fit=900%2C1200&ssl=1&resize=700%2C400 2x"},"classes":[]},{"id":25939,"url":"https:\/\/www.emmanuelastier.com\/index.php\/2025\/10\/10\/sante-mentale-laccompagnement-naturel-des-troubles-psychologiques\/","url_meta":{"origin":19636,"position":1},"title":"Sant\u00e9 Mentale : L&rsquo;Accompagnement Naturel des Troubles Psychologiques","author":"emmanuelastier37","date":"10 octobre 2025","format":false,"excerpt":"Face \u00e0 l'augmentation de 31% des recherches d'aide psychologique, l'accompagnement en\u00a0naturopathie\u00a0devient essentiel pour soutenir votre sant\u00e9 mentale naturellement. Les troubles les plus recherch\u00e9s (apathie, stress, col\u00e8re, peur, solitude) trouvent des r\u00e9ponses efficaces dans mon approche int\u00e9grative. La\u00a0psychoth\u00e9rapie positive\u00a0d\u00e9veloppe votre r\u00e9silience \u00e9motionnelle et vos ressources int\u00e9rieures.","rel":"","context":"Dans &quot;Actualit\u00e9s !&quot;","block_context":{"text":"Actualit\u00e9s !","link":"https:\/\/www.emmanuelastier.com\/index.php\/category\/actualites\/"},"img":{"alt_text":"","src":"https:\/\/i0.wp.com\/www.emmanuelastier.com\/wp-content\/uploads\/2025\/10\/35cd9121-dd9d-4c38-9d13-2c0487fb935e_wm-scaled.jpeg?fit=1200%2C670&ssl=1&resize=350%2C200","width":350,"height":200,"srcset":"https:\/\/i0.wp.com\/www.emmanuelastier.com\/wp-content\/uploads\/2025\/10\/35cd9121-dd9d-4c38-9d13-2c0487fb935e_wm-scaled.jpeg?fit=1200%2C670&ssl=1&resize=350%2C200 1x, https:\/\/i0.wp.com\/www.emmanuelastier.com\/wp-content\/uploads\/2025\/10\/35cd9121-dd9d-4c38-9d13-2c0487fb935e_wm-scaled.jpeg?fit=1200%2C670&ssl=1&resize=525%2C300 1.5x, https:\/\/i0.wp.com\/www.emmanuelastier.com\/wp-content\/uploads\/2025\/10\/35cd9121-dd9d-4c38-9d13-2c0487fb935e_wm-scaled.jpeg?fit=1200%2C670&ssl=1&resize=700%2C400 2x, https:\/\/i0.wp.com\/www.emmanuelastier.com\/wp-content\/uploads\/2025\/10\/35cd9121-dd9d-4c38-9d13-2c0487fb935e_wm-scaled.jpeg?fit=1200%2C670&ssl=1&resize=1050%2C600 3x"},"classes":[]},{"id":25587,"url":"https:\/\/www.emmanuelastier.com\/index.php\/2025\/01\/22\/gateau-de-graines-de-chia-et-chanvre-au-yaourt\/","url_meta":{"origin":19636,"position":2},"title":"G\u00e2teau de graines de Chia et chanvre au yaourt","author":"emmanuelastier37","date":"22 janvier 2025","format":false,"excerpt":"(sans gluten , \u00e0 faible index glyc\u00e9mique , sans beurre) On me demande r\u00e9guli\u00e8rement quelques recettes pour \"changer\" son alimentation , la \"rendre plus saine\" , tout en esp\u00e9rant avoir quelque chose de savoureux ... cette recette \u00e0 le m\u00e9rite de vous apporter plaisir et bien \u00eatre ... Si cela\u2026","rel":"","context":"Dans &quot;Actualit\u00e9s !&quot;","block_context":{"text":"Actualit\u00e9s !","link":"https:\/\/www.emmanuelastier.com\/index.php\/category\/actualites\/"},"img":{"alt_text":"G\u00e2teau au yaourt aux graine de chia , chanvre, sans gluten , \u00e0 faible IG","src":"https:\/\/i0.wp.com\/www.emmanuelastier.com\/wp-content\/uploads\/2025\/01\/gateau-petit-dej-graine-de-chia-cannelle-faible-IG-sans-gluten.jpg?fit=1200%2C937&ssl=1&resize=350%2C200","width":350,"height":200,"srcset":"https:\/\/i0.wp.com\/www.emmanuelastier.com\/wp-content\/uploads\/2025\/01\/gateau-petit-dej-graine-de-chia-cannelle-faible-IG-sans-gluten.jpg?fit=1200%2C937&ssl=1&resize=350%2C200 1x, https:\/\/i0.wp.com\/www.emmanuelastier.com\/wp-content\/uploads\/2025\/01\/gateau-petit-dej-graine-de-chia-cannelle-faible-IG-sans-gluten.jpg?fit=1200%2C937&ssl=1&resize=525%2C300 1.5x, https:\/\/i0.wp.com\/www.emmanuelastier.com\/wp-content\/uploads\/2025\/01\/gateau-petit-dej-graine-de-chia-cannelle-faible-IG-sans-gluten.jpg?fit=1200%2C937&ssl=1&resize=700%2C400 2x, https:\/\/i0.wp.com\/www.emmanuelastier.com\/wp-content\/uploads\/2025\/01\/gateau-petit-dej-graine-de-chia-cannelle-faible-IG-sans-gluten.jpg?fit=1200%2C937&ssl=1&resize=1050%2C600 3x"},"classes":[]},{"id":18542,"url":"https:\/\/www.emmanuelastier.com\/index.php\/2019\/07\/10\/nouvelles-de-juillet\/","url_meta":{"origin":19636,"position":3},"title":"Nouvelles de Juillet","author":"emmanuelastier37","date":"10 juillet 2019","format":false,"excerpt":"La Trousse de Secours naturelle pour l'\u00e9t\u00e9 L'indispensable de l'\u00e9t\u00e9 \u2026 et de l'hivers aussi \u2026.. https:\/\/youtu.be\/vbt-dXxyrA8 La Trousse de secours \u00ab\u00a0Naturo\u00a0\u00bb Elle fait partie des indispensables de nos vies \u2026.mais encore plus lorsque l'on part en vacances l'\u00e9t\u00e9 , le c\u0153ur leger , l 'insouciance en guise d'\u00e9tandard ...flottant\u2026","rel":"","context":"Dans &quot;Actualit\u00e9s !&quot;","block_context":{"text":"Actualit\u00e9s !","link":"https:\/\/www.emmanuelastier.com\/index.php\/category\/actualites\/"},"img":{"alt_text":"","src":"https:\/\/i0.wp.com\/www.emmanuelastier.com\/wp-content\/uploads\/2019\/07\/person-110305__340.jpg?fit=526%2C340&ssl=1&resize=350%2C200","width":350,"height":200,"srcset":"https:\/\/i0.wp.com\/www.emmanuelastier.com\/wp-content\/uploads\/2019\/07\/person-110305__340.jpg?fit=526%2C340&ssl=1&resize=350%2C200 1x, https:\/\/i0.wp.com\/www.emmanuelastier.com\/wp-content\/uploads\/2019\/07\/person-110305__340.jpg?fit=526%2C340&ssl=1&resize=525%2C300 1.5x"},"classes":[]},{"id":25613,"url":"https:\/\/www.emmanuelastier.com\/index.php\/2025\/02\/27\/une-seance-dhypnose-pour-redecouvrir-son-equilibre-alimentaire-une-solution-ideale-meme-pour-les-seniors\/","url_meta":{"origin":19636,"position":4},"title":"Une S\u00e9ance d&rsquo;Hypnose pour Red\u00e9couvrir son \u00c9quilibre alimentaire : Une Solution Id\u00e9ale m\u00eame pour les Seniors !","author":"emmanuelastier37","date":"27 f\u00e9vrier 2025","format":false,"excerpt":"L\u2019hypnose est une m\u00e9thode naturelle qui permet \u00e0 tout le monde d\u00e8s 5 ans jusqu'aux seniors de retrouver son \u00e9quilibre alimentaire et d\u2019am\u00e9liorer sa qualit\u00e9 de vie. En France, cette pratique reste encore malconnue, mais elle offre des r\u00e9sultats concrets , j'ai de plus personnellement d'excellents r\u00e9sultats gr\u00e2ce \u00e0 des\u2026","rel":"","context":"Dans &quot;Actualit\u00e9s !&quot;","block_context":{"text":"Actualit\u00e9s !","link":"https:\/\/www.emmanuelastier.com\/index.php\/category\/actualites\/"},"img":{"alt_text":"","src":"https:\/\/i0.wp.com\/www.emmanuelastier.com\/wp-content\/uploads\/2025\/02\/groupe-Relaxation-hypnose.png?fit=535%2C349&ssl=1&resize=350%2C200","width":350,"height":200,"srcset":"https:\/\/i0.wp.com\/www.emmanuelastier.com\/wp-content\/uploads\/2025\/02\/groupe-Relaxation-hypnose.png?fit=535%2C349&ssl=1&resize=350%2C200 1x, https:\/\/i0.wp.com\/www.emmanuelastier.com\/wp-content\/uploads\/2025\/02\/groupe-Relaxation-hypnose.png?fit=535%2C349&ssl=1&resize=525%2C300 1.5x"},"classes":[]},{"id":26164,"url":"https:\/\/www.emmanuelastier.com\/index.php\/2026\/04\/16\/allergenes-alimentaires-la-reponse-en-naturopathie\/","url_meta":{"origin":19636,"position":5},"title":"Allerg\u00e8nes Alimentaires : La r\u00e9ponse en Naturopathie !","author":"emmanuelastier37","date":"16 avril 2026","format":false,"excerpt":"Depuis juillet 2015, l'affichage des 14 allerg\u00e8nes majeurs est obligatoire dans tous les restaurants et commerces alimentaires en France. Mais au-del\u00e0 de cette r\u00e9glementation, comment mieux comprendre et g\u00e9rer vos intol\u00e9rances alimentaires ? Emmanuel Astier, naturopathe avec 30 ans d'exp\u00e9rience \u00e0 Tours, vous \u00e9claire. \ud83d\udccb La R\u00e9glementation des Allerg\u00e8nes :\u2026","rel":"","context":"Dans &quot;Actualit\u00e9s !&quot;","block_context":{"text":"Actualit\u00e9s !","link":"https:\/\/www.emmanuelastier.com\/index.php\/category\/actualites\/"},"img":{"alt_text":"","src":"https:\/\/i0.wp.com\/www.emmanuelastier.com\/wp-content\/uploads\/2026\/04\/allergene-alimentaires-1024x1024.jpg?resize=350%2C200&ssl=1","width":350,"height":200,"srcset":"https:\/\/i0.wp.com\/www.emmanuelastier.com\/wp-content\/uploads\/2026\/04\/allergene-alimentaires-1024x1024.jpg?resize=350%2C200&ssl=1 1x, https:\/\/i0.wp.com\/www.emmanuelastier.com\/wp-content\/uploads\/2026\/04\/allergene-alimentaires-1024x1024.jpg?resize=525%2C300&ssl=1 1.5x, https:\/\/i0.wp.com\/www.emmanuelastier.com\/wp-content\/uploads\/2026\/04\/allergene-alimentaires-1024x1024.jpg?resize=700%2C400&ssl=1 2x"},"classes":[]}],"jetpack_likes_enabled":true,"_links":{"self":[{"href":"https:\/\/www.emmanuelastier.com\/index.php\/wp-json\/wp\/v2\/posts\/19636","targetHints":{"allow":["GET"]}}],"collection":[{"href":"https:\/\/www.emmanuelastier.com\/index.php\/wp-json\/wp\/v2\/posts"}],"about":[{"href":"https:\/\/www.emmanuelastier.com\/index.php\/wp-json\/wp\/v2\/types\/post"}],"author":[{"embeddable":true,"href":"https:\/\/www.emmanuelastier.com\/index.php\/wp-json\/wp\/v2\/users\/1"}],"replies":[{"embeddable":true,"href":"https:\/\/www.emmanuelastier.com\/index.php\/wp-json\/wp\/v2\/comments?post=19636"}],"version-history":[{"count":1,"href":"https:\/\/www.emmanuelastier.com\/index.php\/wp-json\/wp\/v2\/posts\/19636\/revisions"}],"predecessor-version":[{"id":19640,"href":"https:\/\/www.emmanuelastier.com\/index.php\/wp-json\/wp\/v2\/posts\/19636\/revisions\/19640"}],"wp:featuredmedia":[{"embeddable":true,"href":"https:\/\/www.emmanuelastier.com\/index.php\/wp-json\/wp\/v2\/media\/19631"}],"wp:attachment":[{"href":"https:\/\/www.emmanuelastier.com\/index.php\/wp-json\/wp\/v2\/media?parent=19636"}],"wp:term":[{"taxonomy":"category","embeddable":true,"href":"https:\/\/www.emmanuelastier.com\/index.php\/wp-json\/wp\/v2\/categories?post=19636"},{"taxonomy":"post_tag","embeddable":true,"href":"https:\/\/www.emmanuelastier.com\/index.php\/wp-json\/wp\/v2\/tags?post=19636"}],"curies":[{"name":"wp","href":"https:\/\/api.w.org\/{rel}","templated":true}]}}