{"id":20835,"date":"2024-03-26T19:17:13","date_gmt":"2024-03-26T17:17:13","guid":{"rendered":"https:\/\/www.emmanuelastier.com\/?p=20835"},"modified":"2025-01-22T09:00:03","modified_gmt":"2025-01-22T07:00:03","slug":"naturopathie-et-ondes-electromagnetiques-solutions-naturelles-pour-un-bien-etre-optimal","status":"publish","type":"post","link":"https:\/\/www.emmanuelastier.com\/index.php\/2024\/03\/26\/naturopathie-et-ondes-electromagnetiques-solutions-naturelles-pour-un-bien-etre-optimal\/","title":{"rendered":"Naturopathie et Ondes \u00c9lectromagn\u00e9tiques : Solutions Naturelles pour un Bien-\u00catre Optimal"},"content":{"rendered":"\n<p>Les champs \u00e9lectromagn\u00e9tiques sont pr\u00e9sents dans notre environnement et sont essentiels au bon fonctionnement des appareils du quotidien.<\/p>\n\n\n\n<p> En France, ces ondes font l\u2019objet d\u2019une r\u00e9glementation d\u00e9finie. En tant que particulier, vous pouvez demander \u00e0 faire mesurer les niveaux d&rsquo;ondes auxquels vous \u00eates expos\u00e9. <\/p>\n\n\n\n<p><strong>Les ondes \u00e9lectromagn\u00e9tiques :<\/strong> <\/p>\n\n\n\n<p><strong>De quoi parle-t-on ?<\/strong> <\/p>\n\n\n\n<p>Les ondes \u00e9lectromagn\u00e9tiques sont des champs \u00e9lectromagn\u00e9tiques d\u00e9gag\u00e9s par certaines installations et \u00e9quipements : Les installations radio\u00e9lectriques : une installation radio\u00e9lectrique est un \u00e9metteur r\u00e9cepteur d\u2019ondes radio utilisant une antenne. Le maillage d\u2019installations radio\u00e9lectriques sur le territoire assure la couverture n\u00e9cessaire pour diff\u00e9rents services comme la t\u00e9l\u00e9phonie mobile, la t\u00e9l\u00e9vision, la radio, etc. Les \u00e9quipements radio\u00e9lectriques tels que les t\u00e9l\u00e9phones portables, les tablettes, les bo\u00eetiers WiFi, les objets connect\u00e9s : ces produits doivent respecter des exigences en mati\u00e8re d\u2019exposition aux ondes \u00e9lectromagn\u00e9tiques pour obtenir le marquage CE n\u00e9cessaire \u00e0 la mise sur le march\u00e9 europ\u00e9en. <\/p>\n\n\n\n<p><strong>Qui peut demander \u00e0 mesurer son exposition aux ondes \u00e9lectromagn\u00e9tiques ? <\/strong><\/p>\n\n\n\n<p>Toute personne peut solliciter l&rsquo;Agence nationale des fr\u00e9quences (ANFR) pour la r\u00e9alisation de ces mesures. La demande peut indiff\u00e9remment concerner votre lieu d\u2019habitation ou un lieu public.<\/p>\n\n\n\n<p> <strong>Comment demander la mesure des ondes \u00e9lectromagn\u00e9tiques?<\/strong> <\/p>\n\n\n\n<h3 class=\"wp-block-heading\">Mesurer votre Exposition aux Ondes \u00c9lectromagn\u00e9tiques : Guide Pratique<\/h3>\n\n\n\n<p>Pour faire r\u00e9aliser une mesure, vous devez remplir un formulaire de demande sur le site <a href=\"https:\/\/mesures.anfr.fr\" target=\"_blank\" rel=\"noreferrer noopener\">mesures.anfr.fr<\/a> ou le t\u00e9l\u00e9charger sur <a href=\"https:\/\/www.anfr.fr\/accueil\" target=\"_blank\" rel=\"noreferrer noopener\">www.service-public.fr<\/a>. Diff\u00e9rents renseignements sont exig\u00e9s, comme les coordonn\u00e9es du demandeur ou le lieu \u00e0 analyser. L&rsquo;objectif de la requ\u00eate peut \u00eatre de : conna\u00eetre le niveau global d&rsquo;exposition et sa conformit\u00e9 au seuil r\u00e9glementaire, conna\u00eetre le niveau d&rsquo;exposition par service (WiFi, t\u00e9l\u00e9vision, radio, t\u00e9l\u00e9phonie&#8230;), conna\u00eetre l&rsquo;exposition d\u00e9taill\u00e9e pour chaque bande de fr\u00e9quence pour l&rsquo;ensemble des fr\u00e9quences. Le formulaire doit imp\u00e9rativement \u00eatre sign\u00e9 par un organisme habilit\u00e9 : collectivit\u00e9 territoriale, agence r\u00e9gionale de sant\u00e9 ou association agr\u00e9\u00e9e de protection de l&rsquo;environnement par exemple. Vous devez ensuite transmettre votre demande \u00e0 l\u2019ANFR qui mobilise un laboratoire accr\u00e9dit\u00e9 et ind\u00e9pendant pour r\u00e9aliser la mesure. Mesure de l&rsquo;exposition aux ondes \u00e9lectromagn\u00e9tiques : un service enti\u00e8rement gratuit Les r\u00e9sultats sont ensuite transmis au demandeur. Ils sont par ailleurs rendus publics sur le site <a href=\"https:\/\/www.cartoradio.fr\/index.html#\/cartographie\/mesures\" target=\"_blank\" rel=\"noreferrer noopener\">Cartoradio<\/a> de l&rsquo;ANFR, sauf s&rsquo;ils concernent un lieu d&rsquo;habitation et que l&rsquo;occupant s&rsquo;y oppose par lettre recommand\u00e9e avec accus\u00e9 de r\u00e9ception. Les mesures sont financ\u00e9es par une taxe vers\u00e9e par les op\u00e9rateurs de t\u00e9l\u00e9phonie mobile. La d\u00e9marche est enti\u00e8rement gratuite pour le demandeur. Les mesures pr\u00e8s de chez vous sur Cartoradio Sans demander vous-m\u00eame une mesure, vous pouvez tout de m\u00eame conna\u00eetre le taux d&rsquo;exposition aux ondes \u00e9lectromagn\u00e9tiques autour de chez vous. Le site Cartoradio de l&rsquo;ANFR r\u00e9pertorie en effet tous les contr\u00f4les d\u00e9j\u00e0 effectu\u00e9s. Il vous suffit de rentrer votre adresse pour consulter les r\u00e9sultats les plus proches, signal\u00e9s par un pictogramme rouge. En un clic, vous retrouvez les donn\u00e9es d\u00e9taill\u00e9es des mesures, mais \u00e9galement l&#8217;emplacement des stations radio\u00e9lectriques (antennes relais de t\u00e9l\u00e9phonie mobile, TV, radio&#8230;) les plus puissantes.<\/p>\n\n\n\n<p>D\u00e9couvrez comment \u00e9valuer votre exposition aux ondes \u00e9lectromagn\u00e9tiques et agir en cons\u00e9quence pour prot\u00e9ger votre sant\u00e9 et votre environnement.<\/p>\n\n\n\n<p>Les champs \u00e9lectromagn\u00e9tiques font partie int\u00e9grante de notre quotidien et jouent un r\u00f4le crucial dans le fonctionnement de nos appareils \u00e9lectroniques. En France, ces ondes sont strictement r\u00e9glement\u00e9es. Vous \u00eates soucieux de votre exposition ? Voici comment proc\u00e9der.<\/p>\n\n\n\n<h4 class=\"wp-block-heading\">Comprendre les Ondes \u00c9lectromagn\u00e9tiques : Ce qu&rsquo;il faut savoir<\/h4>\n\n\n\n<p>Les ondes \u00e9lectromagn\u00e9tiques \u00e9manent de diverses sources telles que les installations radio\u00e9lectriques et les \u00e9quipements \u00e9lectroniques comme les t\u00e9l\u00e9phones portables et les objets connect\u00e9s. Ces \u00e9missions sont r\u00e9gies par des normes strictes pour garantir la s\u00e9curit\u00e9 des utilisateurs.<\/p>\n\n\n\n<h4 class=\"wp-block-heading\">Qui peut demander une \u00c9valuation d&rsquo;Exposition aux Ondes \u00c9lectromagn\u00e9tiques ?<\/h4>\n\n\n\n<p>Tout individu a le droit de solliciter l&rsquo;Agence nationale des fr\u00e9quences (ANFR) pour r\u00e9aliser des mesures d&rsquo;exposition. Que ce soit dans votre domicile ou dans des lieux publics, vous avez le pouvoir de conna\u00eetre votre niveau d&rsquo;exposition.<\/p>\n\n\n\n<h4 class=\"wp-block-heading\">Comment Demander une \u00c9valuation d&rsquo;Exposition ?<\/h4>\n\n\n\n<p>Pour obtenir une mesure pr\u00e9cise, il vous suffit de remplir un formulaire de demande sur le site officiel de l&rsquo;ANFR ou sur <a href=\"http:\/\/www.service-public.fr\/\" target=\"_blank\" rel=\"noreferrer noopener\">www.service-public.fr<\/a>. Les informations requises incluent vos coordonn\u00e9es et l&rsquo;adresse du lieu \u00e0 analyser. Vous pouvez sp\u00e9cifier vos besoins, que ce soit pour \u00e9valuer l&rsquo;exposition globale ou par service sp\u00e9cifique.<\/p>\n\n\n\n<h4 class=\"wp-block-heading\">Mesure d&rsquo;Exposition aux Ondes \u00c9lectromagn\u00e9tiques : Service Gratuit<\/h4>\n\n\n\n<p>Une fois les mesures effectu\u00e9es, les r\u00e9sultats vous sont transmis gratuitement. Ils sont \u00e9galement accessibles au public sur le site Cartoradio de l&rsquo;ANFR, \u00e0 moins que vous ne vous opposiez \u00e0 la publication pour des raisons de vie priv\u00e9e. Ces mesures sont financ\u00e9es par une taxe pr\u00e9lev\u00e9e aupr\u00e8s des op\u00e9rateurs de t\u00e9l\u00e9phonie mobile.<\/p>\n\n\n\n<h4 class=\"wp-block-heading\">Consultez les Mesures Proches de Chez Vous sur Cartoradio<\/h4>\n\n\n\n<p>M\u00eame sans demander une \u00e9valuation sp\u00e9cifique, vous pouvez conna\u00eetre le niveau d&rsquo;exposition pr\u00e8s de votre domicile en consultant le site Cartoradio de l&rsquo;ANFR. Il r\u00e9pertorie tous les contr\u00f4les effectu\u00e9s, vous permettant ainsi d&rsquo;avoir une vision claire de la situation environnante.<\/p>\n\n\n\n<ol class=\"wp-block-list\">\n<li>#OndesElectromagnetiques<\/li>\n\n\n\n<li>#ExpositionOndes<\/li>\n\n\n\n<li>#SantePublique<\/li>\n\n\n\n<li>#MesureExposition<\/li>\n\n\n\n<li>#ANFR<\/li>\n\n\n\n<li>#ProtectionEnvironnement<\/li>\n\n\n\n<li>#NormesSecurite<\/li>\n\n\n\n<li>#ChampsElectromagnetiques<\/li>\n\n\n\n<li>#TelephonieMobile<\/li>\n\n\n\n<li>#EnvironnementSain<\/li>\n<\/ol>\n\n\n\n<h3 class=\"wp-block-heading\"><br \/>Prot\u00e9ger et Soigner Naturellement : La Naturopathie contre les Effets Nocifs des Ondes \u00c9lectromagn\u00e9tiques<\/h3>\n\n\n\n<p>Dans notre monde moderne impr\u00e9gn\u00e9 de technologies sans fil, nous sommes constamment expos\u00e9s aux ondes \u00e9lectromagn\u00e9tiques \u00e9mises par les appareils \u00e9lectroniques. Ces ondes peuvent avoir des effets n\u00e9fastes sur notre sant\u00e9, allant de simples maux de t\u00eate \u00e0 des probl\u00e8mes plus graves comme le stress oxydatif et les troubles du sommeil. En tant qu&rsquo;expert naturopathe avec plus de 20 ans d&rsquo;exp\u00e9rience, je suis convaincu que la naturopathie offre des solutions naturelles efficaces pour prot\u00e9ger notre corps et favoriser la gu\u00e9rison lorsque nous sommes affect\u00e9s par ces ondes.<\/p>\n\n\n\n<h4 class=\"wp-block-heading\">Comprendre les Effets des Ondes \u00c9lectromagn\u00e9tiques sur la Sant\u00e9<\/h4>\n\n\n\n<p>Avant d&rsquo;expliquer comment la naturopathie peut aider \u00e0 contrer les effets n\u00e9fastes des ondes \u00e9lectromagn\u00e9tiques, il est essentiel de comprendre comment ces ondes affectent notre sant\u00e9. Les \u00e9tudes ont montr\u00e9 que l&rsquo;exposition prolong\u00e9e aux ondes \u00e9lectromagn\u00e9tiques peut perturber le fonctionnement normal de nos cellules, entra\u00eenant un d\u00e9s\u00e9quilibre dans notre corps. Cela peut se manifester par des sympt\u00f4mes tels que la fatigue chronique, les troubles du sommeil, les maux de t\u00eate et m\u00eame des probl\u00e8mes plus graves comme les maladies cardiovasculaires et le cancer.<\/p>\n\n\n\n<h4 class=\"wp-block-heading\">Strat\u00e9gies Naturelles pour se Prot\u00e9ger des Ondes \u00c9lectromagn\u00e9tiques<\/h4>\n\n\n\n<p>La naturopathie propose une approche holistique qui vise \u00e0 renforcer le corps dans son ensemble et \u00e0 promouvoir un \u00e9tat de sant\u00e9 optimal. Voici quelques strat\u00e9gies naturelles que je recommande \u00e0 mes patients pour se prot\u00e9ger des effets nocifs des ondes \u00e9lectromagn\u00e9tiques :<\/p>\n\n\n\n<ol class=\"wp-block-list\">\n<li><strong>Optimiser la Nutrition :<\/strong> <a href=\"https:\/\/www.emmanuelastier.com\/wp-admin\/post.php?post=19858&amp;action=edit\" target=\"_blank\" rel=\"noreferrer noopener\">Une alimentation \u00e9quilibr\u00e9e et riche en antioxydants<\/a> peut aider \u00e0 prot\u00e9ger nos cellules contre les dommages caus\u00e9s par les radicaux libres g\u00e9n\u00e9r\u00e9s par les ondes \u00e9lectromagn\u00e9tiques. Je recommande \u00e0 mes patients de privil\u00e9gier les aliments biologiques, riches en vitamines C et E, ainsi qu&rsquo;en polyph\u00e9nols, tels que les fruits et l\u00e9gumes color\u00e9s, les noix, les graines et les l\u00e9gumineuses.<\/li>\n\n\n\n<li><strong>Utiliser des Cristaux Protecteurs :<\/strong> Certains cristaux, comme le quartz, la shungite et l&rsquo;am\u00e9thyste, sont r\u00e9put\u00e9s pour leurs propri\u00e9t\u00e9s de protection contre les ondes \u00e9lectromagn\u00e9tiques. Je conseille \u00e0 mes patients de porter ces cristaux sous forme de bijoux ou de les placer strat\u00e9giquement dans leur environnement pour neutraliser les effets nocifs des ondes.<\/li>\n\n\n\n<li><strong>Pratiquer la M\u00e9ditation et la Relaxation :<\/strong> Le stress chronique peut aggraver les effets des ondes \u00e9lectromagn\u00e9tiques sur notre sant\u00e9. La m\u00e9ditation, la respiration profonde et d&rsquo;autres techniques de relaxation peuvent aider \u00e0 r\u00e9duire le stress et \u00e0 renforcer notre r\u00e9silience face aux facteurs environnementaux n\u00e9fastes.<\/li>\n\n\n\n<li><strong>\u00c9tablir des Zones Sans Ondes :<\/strong> Cr\u00e9ez des espaces dans votre maison o\u00f9 les ondes \u00e9lectromagn\u00e9tiques sont minimis\u00e9es. \u00c9loignez les appareils \u00e9lectroniques des zones de repos, utilisez des c\u00e2bles Ethernet plut\u00f4t que le WiFi lorsque c&rsquo;est possible, et \u00e9teignez les appareils \u00e9lectroniques la nuit pour favoriser un sommeil r\u00e9parateur.<\/li>\n<\/ol>\n\n\n\n<h4 class=\"wp-block-heading\">Traitement Naturopathique en Cas de Maladie li\u00e9e aux Ondes \u00c9lectromagn\u00e9tiques<\/h4>\n\n\n\n<p>Si vous souffrez de sympt\u00f4mes li\u00e9s \u00e0 l&rsquo;exposition aux ondes \u00e9lectromagn\u00e9tiques, la naturopathie offre \u00e9galement des solutions pour favoriser la gu\u00e9rison et restaurer l&rsquo;\u00e9quilibre dans votre corps. Voici quelques approches que j&rsquo;utilise dans ma pratique pour aider mes patients \u00e0 surmonter ces probl\u00e8mes :<\/p>\n\n\n\n<ol class=\"wp-block-list\">\n<li><strong>D\u00e9toxification :<\/strong> <a href=\"https:\/\/www.copmed.fr\/fr\/detoxification-drainage-elimination\/348-detoxinat-formule-sans-chlorella.html\" target=\"_blank\" rel=\"noreferrer noopener\">Un programme de d\u00e9toxification douce<\/a> peut aider \u00e0 \u00e9liminer les toxines accumul\u00e9es dans le corps en raison de l&rsquo;exposition aux ondes \u00e9lectromagn\u00e9tiques. Cela peut inclure des techniques telles que le je\u00fbne intermittent, les bains de d\u00e9sintoxication et la consommation d&rsquo;aliments et de herbes d\u00e9toxifiantes.<\/li>\n\n\n\n<li><strong>Renforcement du Syst\u00e8me Immunitaire :<\/strong> Un<a href=\"https:\/\/www.copmed.fr\/fr\/offres-speciales\/341-pack-immunite.html\" target=\"_blank\" rel=\"noreferrer noopener\"> syst\u00e8me immunitaire fort est essentiel<\/a> pour combattre les effets n\u00e9fastes des ondes \u00e9lectromagn\u00e9tiques sur notre sant\u00e9. Je recommande \u00e0 mes patients des suppl\u00e9ments naturels tels que la vitamine D, le zinc et les probiotiques pour renforcer leur immunit\u00e9 et les aider \u00e0 r\u00e9cup\u00e9rer plus rapidement.<\/li>\n\n\n\n<li><strong>Th\u00e9rapies \u00c9nerg\u00e9tiques :<\/strong> <a href=\"https:\/\/www.emmanuelastier.com\/index.php\/quantum-life-infinity-biofeedback\/\" target=\"_blank\" rel=\"noreferrer noopener\">Des th\u00e9rapies \u00e9nerg\u00e9tiques<\/a> peuvent aider \u00e0 r\u00e9\u00e9quilibrer les \u00e9nergies du corps et \u00e0 soulager les sympt\u00f4mes associ\u00e9s \u00e0 l&rsquo;exposition aux ondes \u00e9lectromagn\u00e9tiques.<\/li>\n<\/ol>\n\n\n\n<p>En conclusion, la<a href=\"https:\/\/www.emmanuelastier.com\/index.php\/cuisine-sante\/\" target=\"_blank\" rel=\"noreferrer noopener\"> naturopathie<\/a> offre une approche holistique et naturelle pour <a href=\"https:\/\/www.emmanuelastier.com\/index.php\/analyse-minerale-des-cheveux\/\" target=\"_blank\" rel=\"noreferrer noopener\">prot\u00e9ger notre sant\u00e9<\/a> contre les effets toxiques des ondes \u00e9lectromagn\u00e9tiques et favoriser la gu\u00e9rison en cas de maladie. En adoptant un mode de vie sain, en utilisant des strat\u00e9gies naturelles de protection et en consultant un <a href=\"http:\/\/calendly.com\/emmanuelastier-naturopathe-hypnotherapeute\" target=\"_blank\" rel=\"noreferrer noopener\">praticien naturopathe qualifi\u00e9<\/a>, vous pouvez renforcer votre r\u00e9silience face \u00e0 ces influences environnementales n\u00e9fastes et <a href=\"https:\/\/www.emmanuelastier.com\/index.php\/sante-naturelle-integrative\/byonalis-loutil-de-test-a-distance-gratuit\/\" target=\"_blank\" rel=\"noreferrer noopener\">retrouver un bien-\u00eatre optimal.<\/a><\/p>\n\n\n\n<ol class=\"wp-block-list\">\n<li>#SanteNaturelle<\/li>\n\n\n\n<li>#BienEtreHolistique<\/li>\n\n\n\n<li>#Naturopathie<\/li>\n\n\n\n<li>#ProtectionSante<\/li>\n\n\n\n<li>#OndesElectromagnetiques<\/li>\n\n\n\n<li>#SanteEnvironnement<\/li>\n\n\n\n<li>#MedecineDouces<\/li>\n\n\n\n<li>#EquilibreCorporel<\/li>\n\n\n\n<li>#VieSaine<\/li>\n\n\n\n<li>#Gu\u00e9risonNaturelle<\/li>\n<\/ol>\n\n\n\n<div class=\"wp-block-contact-form-7-contact-form-selector\"><p class=\"wpcf7-contact-form-not-found\"><strong>Erreur\u00a0:<\/strong> Formulaire de contact non trouv\u00e9\u00a0!<\/p><\/div>\n","protected":false},"excerpt":{"rendered":"<p>Les champs \u00e9lectromagn\u00e9tiques sont pr\u00e9sents dans notre environnement et sont essentiels au bon fonctionnement des appareils du quotidien. En France, ces ondes font l\u2019objet d\u2019une r\u00e9glementation d\u00e9finie. En tant que particulier, vous pouvez demander \u00e0 faire mesurer les niveaux d&rsquo;ondes&hellip; <\/p>\n","protected":false},"author":1,"featured_media":22952,"comment_status":"open","ping_status":"open","sticky":true,"template":"","format":"standard","meta":{"_uag_custom_page_level_css":"","_mbp_gutenberg_autopost":false,"jetpack_post_was_ever_published":false,"_jetpack_newsletter_access":"","_jetpack_dont_email_post_to_subs":false,"_jetpack_newsletter_tier_id":0,"_jetpack_memberships_contains_paywalled_content":false,"_jetpack_memberships_contains_paid_content":false,"footnotes":"","jetpack_publicize_message":"","jetpack_publicize_feature_enabled":true,"jetpack_social_post_already_shared":true,"jetpack_social_options":{"image_generator_settings":{"template":"highway","default_image_id":0,"font":"","enabled":false},"version":2}},"categories":[9,1221,3],"tags":[95,142,91,55,40],"class_list":["post-20835","post","type-post","status-publish","format-standard","has-post-thumbnail","hentry","category-actualites","category-articles","category-naturopathie","tag-bien-etre","tag-chronique","tag-fatigue","tag-naturopathie","tag-sante"],"jetpack_publicize_connections":[],"jetpack_featured_media_url":"https:\/\/i0.wp.com\/www.emmanuelastier.com\/wp-content\/uploads\/2024\/03\/maladies-par-les-ondes.jpeg?fit=719%2C603&ssl=1","uagb_featured_image_src":{"full":["https:\/\/i0.wp.com\/www.emmanuelastier.com\/wp-content\/uploads\/2024\/03\/maladies-par-les-ondes.jpeg?fit=719%2C603&ssl=1",719,603,false],"thumbnail":["https:\/\/i0.wp.com\/www.emmanuelastier.com\/wp-content\/uploads\/2024\/03\/maladies-par-les-ondes.jpeg?resize=150%2C150&ssl=1",150,150,true],"medium":["https:\/\/i0.wp.com\/www.emmanuelastier.com\/wp-content\/uploads\/2024\/03\/maladies-par-les-ondes.jpeg?fit=300%2C252&ssl=1",300,252,true],"medium_large":["https:\/\/i0.wp.com\/www.emmanuelastier.com\/wp-content\/uploads\/2024\/03\/maladies-par-les-ondes.jpeg?fit=700%2C587&ssl=1",700,587,true],"large":["https:\/\/i0.wp.com\/www.emmanuelastier.com\/wp-content\/uploads\/2024\/03\/maladies-par-les-ondes.jpeg?fit=700%2C587&ssl=1",700,587,true],"1536x1536":["https:\/\/i0.wp.com\/www.emmanuelastier.com\/wp-content\/uploads\/2024\/03\/maladies-par-les-ondes.jpeg?fit=719%2C603&ssl=1",719,603,true],"2048x2048":["https:\/\/i0.wp.com\/www.emmanuelastier.com\/wp-content\/uploads\/2024\/03\/maladies-par-les-ondes.jpeg?fit=719%2C603&ssl=1",719,603,true],"pgmb-post-image":["https:\/\/i0.wp.com\/www.emmanuelastier.com\/wp-content\/uploads\/2024\/03\/maladies-par-les-ondes.jpeg?resize=719%2C603&ssl=1",719,603,true],"travelify-featured":["https:\/\/i0.wp.com\/www.emmanuelastier.com\/wp-content\/uploads\/2024\/03\/maladies-par-les-ondes.jpeg?resize=670%2C300&ssl=1",670,300,true],"travelify-featured-medium":["https:\/\/i0.wp.com\/www.emmanuelastier.com\/wp-content\/uploads\/2024\/03\/maladies-par-les-ondes.jpeg?resize=230%2C230&ssl=1",230,230,true],"travelify-slider":["https:\/\/i0.wp.com\/www.emmanuelastier.com\/wp-content\/uploads\/2024\/03\/maladies-par-les-ondes.jpeg?resize=719%2C460&ssl=1",719,460,true],"travelify-gallery":["https:\/\/i0.wp.com\/www.emmanuelastier.com\/wp-content\/uploads\/2024\/03\/maladies-par-les-ondes.jpeg?resize=474%2C342&ssl=1",474,342,true],"woocommerce_thumbnail":["https:\/\/i0.wp.com\/www.emmanuelastier.com\/wp-content\/uploads\/2024\/03\/maladies-par-les-ondes.jpeg?fit=300%2C252&ssl=1",300,252,true],"woocommerce_single":["https:\/\/i0.wp.com\/www.emmanuelastier.com\/wp-content\/uploads\/2024\/03\/maladies-par-les-ondes.jpeg?fit=600%2C503&ssl=1",600,503,true],"woocommerce_gallery_thumbnail":["https:\/\/i0.wp.com\/www.emmanuelastier.com\/wp-content\/uploads\/2024\/03\/maladies-par-les-ondes.jpeg?resize=100%2C100&ssl=1",100,100,true]},"uagb_author_info":{"display_name":"emmanuelastier37","author_link":"https:\/\/www.emmanuelastier.com\/index.php\/author\/emmanuelastier37\/"},"uagb_comment_info":0,"uagb_excerpt":"Les champs \u00e9lectromagn\u00e9tiques sont pr\u00e9sents dans notre environnement et sont essentiels au bon fonctionnement des appareils du quotidien. En France, ces ondes font l\u2019objet d\u2019une r\u00e9glementation d\u00e9finie. En tant que particulier, vous pouvez demander \u00e0 faire mesurer les niveaux d&rsquo;ondes&hellip;","jetpack_sharing_enabled":true,"jetpack_shortlink":"https:\/\/wp.me\/p6uLbm-5q3","jetpack-related-posts":[{"id":19834,"url":"https:\/\/www.emmanuelastier.com\/index.php\/2021\/11\/25\/quelle-est-la-veritable-impact-du-four-micro-ondes-sur-notre-sante\/","url_meta":{"origin":20835,"position":0},"title":"Quel est le v\u00e9ritable impact du four micro-ondes sur notre sant\u00e9 ?","author":"emmanuelastier37","date":"25 novembre 2021","format":false,"excerpt":"Quels sont les aspects n\u00e9gatifs des ondes \u00e9lectromagn\u00e9tiques sur le corps humain\u00a0? Tout d\u2019abord, une \u00ab\u00a0dimension\u00a0\u00bb qui est souvent mise en avant par les \u00e9nerg\u00e9ticiens, radiesth\u00e9sistes et autres praticiens travaillant avec \u00ab\u00a0les \u00e9nergies\u00a0\u00bb \u2026 Il ne fait aucun doute que lorsque l\u2019on teste au pendule ou \u00e0 l\u2019antenne de Lecher\u2026","rel":"","context":"Dans &quot;Actualit\u00e9s !&quot;","block_context":{"text":"Actualit\u00e9s !","link":"https:\/\/www.emmanuelastier.com\/index.php\/category\/actualites\/"},"img":{"alt_text":"","src":"https:\/\/i0.wp.com\/www.emmanuelastier.com\/wp-content\/uploads\/2021\/11\/micro-onde-barre.png?resize=350%2C200&ssl=1","width":350,"height":200},"classes":[]},{"id":25704,"url":"https:\/\/www.emmanuelastier.com\/index.php\/2025\/06\/02\/biofeedback-et-champs-magnetiques-pulses-la-synergie-naturelle-pour-une-sante-optimale\/","url_meta":{"origin":20835,"position":1},"title":"Biofeedback et Champs Magn\u00e9tiques Puls\u00e9s : Une Synergie Naturelle pour une Sant\u00e9 Optimale","author":"emmanuelastier37","date":"2 juin 2025","format":false,"excerpt":"Apr\u00e8s plus de trois d\u00e9cennies de pratique en naturopathie, j'ai pu observer l'\u00e9volution remarquable des th\u00e9rapies compl\u00e9mentaires et leur impact sur la sant\u00e9 globale. Parmi les approches qui ont r\u00e9volutionn\u00e9 ma pratique, la combinaison du biofeedback et des champs magn\u00e9tiques puls\u00e9s s'est r\u00e9v\u00e9l\u00e9e particuli\u00e8rement efficace. Ces deux th\u00e9rapies, lorsqu'elles sont\u2026","rel":"","context":"Dans &quot;Actualit\u00e9s !&quot;","block_context":{"text":"Actualit\u00e9s !","link":"https:\/\/www.emmanuelastier.com\/index.php\/category\/actualites\/"},"img":{"alt_text":"bio energie, champs magn\u00e9tiques puls\u00e9s , biofeedback , booster son \u00e9nergie","src":"https:\/\/i0.wp.com\/www.emmanuelastier.com\/wp-content\/uploads\/2019\/07\/cropped-person-110305__340.jpg?fit=512%2C512&ssl=1&resize=350%2C200","width":350,"height":200},"classes":[]},{"id":19839,"url":"https:\/\/www.emmanuelastier.com\/index.php\/2021\/11\/25\/quels-sont-les-effets-de-lingestion-daliments-cuits-au-micro-ondes-sur-notre-organisme\/","url_meta":{"origin":20835,"position":2},"title":"Quels sont les effets de l&rsquo;ingestion d&rsquo;aliments cuits au micro-ondes sur notre organisme ?","author":"emmanuelastier37","date":"25 novembre 2021","format":false,"excerpt":"Bien qu'aucune lecture scientifique n'existe en fran\u00e7ais , pour la simple et bonne raison que le sujet est tabou en France , je m'interresse aux effets de la \"cuisson\" au four micro-onde ( si tent\u00e9 que l'on puisse appler cela un mode de cuisson...) sur nos organismes depuis de nombreuses\u2026","rel":"","context":"Dans &quot;Actualit\u00e9s !&quot;","block_context":{"text":"Actualit\u00e9s !","link":"https:\/\/www.emmanuelastier.com\/index.php\/category\/actualites\/"},"img":{"alt_text":"","src":"https:\/\/i0.wp.com\/www.emmanuelastier.com\/wp-content\/uploads\/2021\/11\/micro-onde-en-feu.jpg?resize=350%2C200&ssl=1","width":350,"height":200},"classes":[]},{"id":25471,"url":"https:\/\/www.emmanuelastier.com\/index.php\/2024\/12\/16\/comment-bien-se-preparer-pour-survivre-aux-fetes-de-fin-dannee-sophrologie-hypnose-et-naturopathie-au-secours-de-votre-equilibre\/","url_meta":{"origin":20835,"position":3},"title":"Comment bien se pr\u00e9parer pour survivre aux f\u00eates de fin d\u2019ann\u00e9e : sophrologie, hypnose et naturopathie au secours de votre \u00e9quilibre","author":"emmanuelastier37","date":"16 d\u00e9cembre 2024","format":false,"excerpt":"Les f\u00eates de fin d'ann\u00e9e peuvent \u00eatre stressantes, mais des techniques comme la sophrologie, l'hypnose et la naturopathie aident \u00e0 g\u00e9rer le stress, les exc\u00e8s alimentaires et les \u00e9motions. En les combinant, vous pouvez vivre cette p\u00e9riode de mani\u00e8re sereine, en renfor\u00e7ant votre bien-\u00eatre et en pr\u00e9servant votre \u00e9quilibre \u00e9motionnel.","rel":"","context":"Dans &quot;Actualit\u00e9s !&quot;","block_context":{"text":"Actualit\u00e9s !","link":"https:\/\/www.emmanuelastier.com\/index.php\/category\/actualites\/"},"img":{"alt_text":"","src":"https:\/\/i0.wp.com\/www.emmanuelastier.com\/wp-content\/uploads\/2024\/12\/pere-noel-gros-ventre.jpeg?fit=1024%2C1024&ssl=1&resize=350%2C200","width":350,"height":200,"srcset":"https:\/\/i0.wp.com\/www.emmanuelastier.com\/wp-content\/uploads\/2024\/12\/pere-noel-gros-ventre.jpeg?fit=1024%2C1024&ssl=1&resize=350%2C200 1x, https:\/\/i0.wp.com\/www.emmanuelastier.com\/wp-content\/uploads\/2024\/12\/pere-noel-gros-ventre.jpeg?fit=1024%2C1024&ssl=1&resize=525%2C300 1.5x, https:\/\/i0.wp.com\/www.emmanuelastier.com\/wp-content\/uploads\/2024\/12\/pere-noel-gros-ventre.jpeg?fit=1024%2C1024&ssl=1&resize=700%2C400 2x"},"classes":[]},{"id":25430,"url":"https:\/\/www.emmanuelastier.com\/index.php\/2024\/12\/10\/soulager-les-acouphenes-naturellement-hypnose-naturopathie-et-bougies-auriculaires-a-la-rescousse\/","url_meta":{"origin":20835,"position":4},"title":"\u00ab\u00a0Soulager les Acouph\u00e8nes Naturellement : Hypnose, Naturopathie et Bougies Auriculaires \u00e0 la Rescousse !\u00a0\u00bb","author":"emmanuelastier37","date":"10 d\u00e9cembre 2024","format":false,"excerpt":"Les acouph\u00e8nes, fr\u00e9quents en Touraine, peuvent \u00eatre att\u00e9nu\u00e9s par des m\u00e9thodes naturelles telles que les bougies auriculaires, l'hypnose, la naturopathie et la relaxation. Les facteurs climatiques exacerbent souvent ces sympt\u00f4mes. Une approche globale permet de soulager et d'am\u00e9liorer le bien-\u00eatre auditif, offrant espoir et s\u00e9r\u00e9nit\u00e9 aux personnes affect\u00e9es.","rel":"","context":"Dans &quot;Actualit\u00e9s !&quot;","block_context":{"text":"Actualit\u00e9s !","link":"https:\/\/www.emmanuelastier.com\/index.php\/category\/actualites\/"},"img":{"alt_text":"","src":"https:\/\/i0.wp.com\/www.emmanuelastier.com\/wp-content\/uploads\/2024\/12\/acouphenes-1.jpeg?fit=1024%2C1024&ssl=1&resize=350%2C200","width":350,"height":200,"srcset":"https:\/\/i0.wp.com\/www.emmanuelastier.com\/wp-content\/uploads\/2024\/12\/acouphenes-1.jpeg?fit=1024%2C1024&ssl=1&resize=350%2C200 1x, https:\/\/i0.wp.com\/www.emmanuelastier.com\/wp-content\/uploads\/2024\/12\/acouphenes-1.jpeg?fit=1024%2C1024&ssl=1&resize=525%2C300 1.5x, https:\/\/i0.wp.com\/www.emmanuelastier.com\/wp-content\/uploads\/2024\/12\/acouphenes-1.jpeg?fit=1024%2C1024&ssl=1&resize=700%2C400 2x"},"classes":[]},{"id":25089,"url":"https:\/\/www.emmanuelastier.com\/index.php\/2024\/08\/14\/liberez-vous-du-covid-long-solutions-naturelles-pour-retrouver-energie-et-bien-etre-au-quotidien\/","url_meta":{"origin":20835,"position":5},"title":"Lib\u00e9rez-vous du COVID long : Solutions naturelles pour retrouver \u00e9nergie et bien-\u00eatre au quotidien","author":"emmanuelastier37","date":"14 ao\u00fbt 2024","format":false,"excerpt":"L'article traite du \"COVID long\" et de ses sympt\u00f4mes persistants, comme la fatigue, les douleurs et les troubles cognitifs. Il propose des solutions alternatives telles que la naturopathie, l'hypnose et une alimentation saine pour soulager ces sympt\u00f4mes et favoriser le r\u00e9tablissement. L'importance de consulter des professionnels avant de changer de\u2026","rel":"","context":"Dans &quot;Actualit\u00e9s !&quot;","block_context":{"text":"Actualit\u00e9s !","link":"https:\/\/www.emmanuelastier.com\/index.php\/category\/actualites\/"},"img":{"alt_text":"","src":"https:\/\/i0.wp.com\/www.emmanuelastier.com\/wp-content\/uploads\/2024\/08\/covid-long-1.jpeg?fit=1024%2C1024&ssl=1&resize=350%2C200","width":350,"height":200,"srcset":"https:\/\/i0.wp.com\/www.emmanuelastier.com\/wp-content\/uploads\/2024\/08\/covid-long-1.jpeg?fit=1024%2C1024&ssl=1&resize=350%2C200 1x, https:\/\/i0.wp.com\/www.emmanuelastier.com\/wp-content\/uploads\/2024\/08\/covid-long-1.jpeg?fit=1024%2C1024&ssl=1&resize=525%2C300 1.5x, https:\/\/i0.wp.com\/www.emmanuelastier.com\/wp-content\/uploads\/2024\/08\/covid-long-1.jpeg?fit=1024%2C1024&ssl=1&resize=700%2C400 2x"},"classes":[]}],"jetpack_likes_enabled":true,"_links":{"self":[{"href":"https:\/\/www.emmanuelastier.com\/index.php\/wp-json\/wp\/v2\/posts\/20835","targetHints":{"allow":["GET"]}}],"collection":[{"href":"https:\/\/www.emmanuelastier.com\/index.php\/wp-json\/wp\/v2\/posts"}],"about":[{"href":"https:\/\/www.emmanuelastier.com\/index.php\/wp-json\/wp\/v2\/types\/post"}],"author":[{"embeddable":true,"href":"https:\/\/www.emmanuelastier.com\/index.php\/wp-json\/wp\/v2\/users\/1"}],"replies":[{"embeddable":true,"href":"https:\/\/www.emmanuelastier.com\/index.php\/wp-json\/wp\/v2\/comments?post=20835"}],"version-history":[{"count":1,"href":"https:\/\/www.emmanuelastier.com\/index.php\/wp-json\/wp\/v2\/posts\/20835\/revisions"}],"predecessor-version":[{"id":20837,"href":"https:\/\/www.emmanuelastier.com\/index.php\/wp-json\/wp\/v2\/posts\/20835\/revisions\/20837"}],"wp:featuredmedia":[{"embeddable":true,"href":"https:\/\/www.emmanuelastier.com\/index.php\/wp-json\/wp\/v2\/media\/22952"}],"wp:attachment":[{"href":"https:\/\/www.emmanuelastier.com\/index.php\/wp-json\/wp\/v2\/media?parent=20835"}],"wp:term":[{"taxonomy":"category","embeddable":true,"href":"https:\/\/www.emmanuelastier.com\/index.php\/wp-json\/wp\/v2\/categories?post=20835"},{"taxonomy":"post_tag","embeddable":true,"href":"https:\/\/www.emmanuelastier.com\/index.php\/wp-json\/wp\/v2\/tags?post=20835"}],"curies":[{"name":"wp","href":"https:\/\/api.w.org\/{rel}","templated":true}]}}