{"id":25464,"date":"2024-12-15T09:18:18","date_gmt":"2024-12-15T07:18:18","guid":{"rendered":"https:\/\/www.emmanuelastier.com\/?p=25464"},"modified":"2025-10-07T17:21:18","modified_gmt":"2025-10-07T15:21:18","slug":"le-symbolisme-de-noel-paix-joie-et-espoir","status":"publish","type":"post","link":"https:\/\/www.emmanuelastier.com\/index.php\/2024\/12\/15\/le-symbolisme-de-noel-paix-joie-et-espoir\/","title":{"rendered":"Le Symbolisme de No\u00ebl : Paix, Joie et Espoir"},"content":{"rendered":"\n<p>No\u00ebl, f\u00eate embl\u00e9matique, incarne la paix, la joie, le partage et l\u2019esp\u00e9rance. Cette c\u00e9l\u00e9bration, \u00e0 la crois\u00e9e des traditions pa\u00efennes et chr\u00e9tiennes, puise ses racines dans des rites ancestraux tels que le solstice d\u2019hiver, Yule ou encore les Saturnales romaines. Depuis l&rsquo;an 354, la naissance de J\u00e9sus est c\u00e9l\u00e9br\u00e9e le 25 d\u00e9cembre, symbolisant \u00e0 la fois la \u00ab\u00a0naissance du jour\u00a0\u00bb et le retour de la lumi\u00e8re.<\/p>\n\n\n\n<h4 class=\"wp-block-heading\">Lumi\u00e8re et Renouveau : No\u00ebl et le Solstice<\/h4>\n\n\n\n<p>Au c\u0153ur de l\u2019hiver, lorsque la lumi\u00e8re est au plus bas, No\u00ebl illumine les foyers, rappelant la chaleur int\u00e9rieure et la r\u00e9silience humaine. Ce moment de l\u2019ann\u00e9e invite \u00e0 l\u2019introspection et marque un nouveau d\u00e9part, porteur de vie et d\u2019espoir. Le symbolisme de la lumi\u00e8re, pr\u00e9sent dans les bougies, l\u2019\u00e9toile ou le feu de la b\u00fbche, refl\u00e8te cette renaissance spirituelle.<\/p>\n\n\n\n<h4 class=\"wp-block-heading\">L\u2019Arbre de No\u00ebl et les Traditions Ancestrales<\/h4>\n\n\n\n<p>Le sapin de No\u00ebl, h\u00e9ritier de l\u2019\u00e9pic\u00e9a d\u00e9cor\u00e9 par les peuples anciens, repr\u00e9sente la vie qui perdure face \u00e0 l\u2019hiver. Orn\u00e9 de pommes (fruits de l\u2019arbre de vie), de guirlandes et de lumi\u00e8res, il porte un message d\u2019alignement avec les lois cosmiques et d\u2019esp\u00e9rance. Cette tradition, adopt\u00e9e par le christianisme, s\u2019est popularis\u00e9e au Moyen-\u00c2ge, notamment en Scandinavie et en Alsace.<\/p>\n\n\n\n<h4 class=\"wp-block-heading\">Partage et Communion<\/h4>\n\n\n\n<p>Le repas de No\u00ebl, lieu de rassemblement familial, incarne le partage et la communion. Autrefois, chacun apportait une b\u00fbche pour nourrir le feu collectif, un rituel transform\u00e9 aujourd\u2019hui par la fameuse b\u00fbche p\u00e2tissi\u00e8re. Offrir des cadeaux prolonge cet esprit de g\u00e9n\u00e9rosit\u00e9, o\u00f9 l\u2019\u00e9go\u00efsme c\u00e8de \u00e0 l\u2019altruisme.<\/p>\n\n\n\n<h4 class=\"wp-block-heading\">La Cr\u00e8che et le Myst\u00e8re de la Nativit\u00e9<\/h4>\n\n\n\n<p>Introduite au XIIIe si\u00e8cle, la cr\u00e8che raconte l\u2019histoire de J\u00e9sus, n\u00e9 dans la simplicit\u00e9 et l\u2019humilit\u00e9. Ce symbole \u00e9voque la force de l\u2019amour familial et l\u2019espoir port\u00e9 par chaque nouvelle vie. Les r\u00e9cits des bergers et des mages t\u00e9moignent d\u2019une ouverture \u00e0 l\u2019autre et d\u2019une humanit\u00e9 unie.<\/p>\n\n\n\n<h4 class=\"wp-block-heading\">La F\u00e9erie de No\u00ebl : Une Parenth\u00e8se de Magie<\/h4>\n\n\n\n<p>No\u00ebl, c\u2019est aussi une parenth\u00e8se enchant\u00e9e o\u00f9 les c\u0153urs s\u2019\u00e9merveillent. Les enfants, au centre de cette f\u00eate, incarnent l\u2019innocence et la spontan\u00e9it\u00e9. La magie op\u00e8re dans les repas festifs, les d\u00e9corations et la figure du P\u00e8re No\u00ebl, inspir\u00e9e de traditions folkloriques.<\/p>\n\n\n\n<p>En d\u00e9finitive, No\u00ebl est une c\u00e9l\u00e9bration du renouveau, un moment pour se reconnecter \u00e0 soi, aux autres et au monde. C\u2019est une f\u00eate o\u00f9 la lumi\u00e8re triomphe de l\u2019obscurit\u00e9, renouvelant chaque ann\u00e9e un message d\u2019amour, d\u2019unit\u00e9 et de paix.<\/p>\n\n\n\n<p><strong>Et nous en avons plus que besoin actuellement..!<\/strong><\/p>\n\n\n\n<p>Connaitre ces traditions et leur symbolisme permet aussi \u00e0 ceux d&rsquo;entre nous qui seront seul \u00e0 No\u00ebl ,qu&rsquo;il s&rsquo;agit de bien autre chose qu&rsquo;une f\u00eate de ripailles , de cadeaux beaucoup trop hon\u00e9reux ou de r\u00e9glement de compte annuel pour certaines familles &#8230; <\/p>\n\n\n\n<p>C&rsquo;est effectivement avant tout l&rsquo;occasion de se recentrer sur Soi , d&rsquo;accueillir cette Lumi\u00e8re qui pointe \u00e0 nouveau et de recevoir l&rsquo;\u00e9nergie de ce renouveau comme une b\u00e9n\u00e9diction , une occasion de se progetter dans des temps \u00ab\u00a0meilleurs et toujours bons pour soi\u00a0\u00bb &#8230;.<\/p>\n\n\n\n<p>Ceux d&rsquo;entres vous avec qui nous travaillons en hypnose comprendront instantan\u00e9ment ce dont je veux parler &#8230; pour les autres &#8230; venez le d\u00e9couvrir et changer votre vie ..!<\/p>\n\n\n\n<p> Pour plus d&rsquo;informations , n&rsquo;h\u00e9sitez pas \u00e0 me contacter par l&rsquo;interm\u00e9diaire du formulaire de contact ci dessous:<\/p>\n\n\n\n<div class=\"wp-block-contact-form-7-contact-form-selector\">\n<div class=\"wpcf7 no-js\" id=\"wpcf7-f12236-o1\" lang=\"fr-FR\" dir=\"ltr\" data-wpcf7-id=\"12236\">\n<div class=\"screen-reader-response\"><p role=\"status\" aria-live=\"polite\" aria-atomic=\"true\"><\/p> <ul><\/ul><\/div>\n<form action=\"\/index.php\/wp-json\/wp\/v2\/posts\/25464#wpcf7-f12236-o1\" method=\"post\" class=\"wpcf7-form init\" aria-label=\"Formulaire de contact\" novalidate=\"novalidate\" data-status=\"init\">\n<fieldset class=\"hidden-fields-container\"><input type=\"hidden\" name=\"_wpcf7\" value=\"12236\" \/><input type=\"hidden\" name=\"_wpcf7_version\" value=\"6.1.5\" \/><input type=\"hidden\" name=\"_wpcf7_locale\" value=\"fr_FR\" \/><input type=\"hidden\" name=\"_wpcf7_unit_tag\" value=\"wpcf7-f12236-o1\" \/><input type=\"hidden\" name=\"_wpcf7_container_post\" value=\"0\" \/><input type=\"hidden\" name=\"_wpcf7_posted_data_hash\" value=\"\" \/><input type=\"hidden\" name=\"_wpcf7_recaptcha_response\" value=\"\" \/>\n<\/fieldset>\n<p><label> Votre nom (obligatoire)<br \/>\n<span class=\"wpcf7-form-control-wrap\" data-name=\"your-name\"><input size=\"40\" maxlength=\"400\" class=\"wpcf7-form-control wpcf7-text wpcf7-validates-as-required\" aria-required=\"true\" aria-invalid=\"false\" value=\"\" type=\"text\" name=\"your-name\" \/><\/span> <\/label>\n<\/p>\n<p><label> Votre adresse de messagerie (obligatoire)<br \/>\n<span class=\"wpcf7-form-control-wrap\" data-name=\"your-email\"><input size=\"40\" maxlength=\"400\" class=\"wpcf7-form-control wpcf7-email wpcf7-validates-as-required wpcf7-text wpcf7-validates-as-email\" aria-required=\"true\" aria-invalid=\"false\" value=\"\" type=\"email\" name=\"your-email\" \/><\/span> <\/label>\n<\/p>\n<p><label> Objet<br \/>\n<span class=\"wpcf7-form-control-wrap\" data-name=\"your-subject\"><input size=\"40\" maxlength=\"400\" class=\"wpcf7-form-control wpcf7-text\" aria-invalid=\"false\" value=\"\" type=\"text\" name=\"your-subject\" \/><\/span> <\/label>\n<\/p>\n<p><label> Votre message<br \/>\n<span class=\"wpcf7-form-control-wrap\" data-name=\"your-message\"><textarea cols=\"40\" rows=\"10\" maxlength=\"2000\" class=\"wpcf7-form-control wpcf7-textarea\" aria-invalid=\"false\" name=\"your-message\"><\/textarea><\/span> <\/label>\n<\/p>\n<p><span class=\"wpcf7-form-control-wrap\" data-name=\"Mercidecocherlacasesivousacceptezdevousinscrire\"><span class=\"wpcf7-form-control wpcf7-checkbox wpcf7-validates-as-required\"><\/span><\/span>\n<\/p>\n<p><span class=\"wpcf7-form-control-wrap\" data-name=\"acceptance-345\"><span class=\"wpcf7-form-control wpcf7-acceptance\"><span class=\"wpcf7-list-item\"><label><input type=\"checkbox\" name=\"acceptance-345\" value=\"1\" checked=\"checked\" aria-invalid=\"false\" \/><span class=\"wpcf7-list-item-label\">Merci de cocher cette case pour \u00eatre en conformit\u00e9 avec la l\u00e9gislation RGPD<\/span><\/label><\/span><\/span><\/span>\n<\/p>\n\n<p><input class=\"wpcf7-form-control wpcf7-submit has-spinner\" type=\"submit\" value=\"Envoyer\" \/>\n<\/p><p style=\"display: none !important;\" class=\"akismet-fields-container\" data-prefix=\"_wpcf7_ak_\"><label>&#916;<textarea name=\"_wpcf7_ak_hp_textarea\" cols=\"45\" rows=\"8\" maxlength=\"100\"><\/textarea><\/label><input type=\"hidden\" id=\"ak_js_1\" name=\"_wpcf7_ak_js\" value=\"95\"\/><script type=\"text\/javascript\">\n\/* <![CDATA[ *\/\ndocument.getElementById( \"ak_js_1\" ).setAttribute( \"value\", ( new Date() ).getTime() );\n\/* ]]> *\/\n<\/script>\n<\/p><div class=\"wpcf7-response-output\" aria-hidden=\"true\"><\/div>\n<\/form>\n<\/div>\n<\/div>\n\n\n\n<p>No\u00ebl2024 #SymbolismeDeNo\u00ebl #PaixEtJoie #Partage #TraditionsDeNo\u00ebl #Lumi\u00e8reInt\u00e9rieure #RenouveauSpirituel #ArbreDeNo\u00ebl #EspritDeFamille #MagieDeNo\u00ebl<\/p>\n\n\n\n<p><\/p>\n","protected":false},"excerpt":{"rendered":"<p>No\u00ebl, symbolisant paix et espoir, allie traditions pa\u00efennes et chr\u00e9tiennes. C\u00e9l\u00e9br\u00e9e depuis 354, cette f\u00eate \u00e9voque la lumi\u00e8re et le renouveau en plein hiver. Les traditions comme l&rsquo;arbre de No\u00ebl et la cr\u00e8che illustrent l&rsquo;amour familial. No\u00ebl est un moment d&rsquo;introspection, de partage et de reconnexion avec soi et les autres.<\/p>\n","protected":false},"author":1,"featured_media":25465,"comment_status":"open","ping_status":"open","sticky":true,"template":"","format":"standard","meta":{"_uag_custom_page_level_css":"","_mbp_gutenberg_autopost":false,"jetpack_post_was_ever_published":false,"_jetpack_newsletter_access":"","_jetpack_dont_email_post_to_subs":false,"_jetpack_newsletter_tier_id":0,"_jetpack_memberships_contains_paywalled_content":false,"_jetpack_memberships_contains_paid_content":false,"footnotes":"","jetpack_publicize_message":"","jetpack_publicize_feature_enabled":true,"jetpack_social_post_already_shared":true,"jetpack_social_options":{"image_generator_settings":{"template":"highway","default_image_id":0,"font":"","enabled":false},"version":2}},"categories":[9,1221,244,6,13,4],"tags":[521,1127,1597,1135,142,548,1344,1373,1129,91,1131,35,1598,1126,1132,46,55,1134,1128,1133,40,63,1125,89,88,1130],"class_list":["post-25464","post","type-post","status-publish","format-standard","has-post-thumbnail","hentry","category-actualites","category-articles","category-confiance-en-soi-et-psychologie-positive","category-pourquoi-vous-adresser-a-moi","category-que-pouvez-vous-realiser-avec-lhypnose","category-sophrologie-hypnose-en-cabinet","tag-amboise","tag-arbre-de-noel","tag-blois","tag-chateauxdelaloire","tag-chronique","tag-depression-2","tag-ecosse","tag-edimburgh","tag-esprit-de-noel","tag-fatigue","tag-fete-familiale","tag-france","tag-indre-et-loire","tag-lumiere-et-solstice","tag-magie-de-noel","tag-naturelle","tag-naturopathie","tag-paix-et-esperance","tag-partage-et-communion","tag-renaissance-spirituelle","tag-sante","tag-stress","tag-symbolisme-de-noel","tag-touraine","tag-tours","tag-traditions-ancestrales"],"jetpack_publicize_connections":[],"jetpack_featured_media_url":"https:\/\/i0.wp.com\/www.emmanuelastier.com\/wp-content\/uploads\/2024\/12\/noel-joyeux-4.jpeg?fit=1024%2C1024&ssl=1","uagb_featured_image_src":{"full":["https:\/\/i0.wp.com\/www.emmanuelastier.com\/wp-content\/uploads\/2024\/12\/noel-joyeux-4.jpeg?fit=1024%2C1024&ssl=1",1024,1024,false],"thumbnail":["https:\/\/i0.wp.com\/www.emmanuelastier.com\/wp-content\/uploads\/2024\/12\/noel-joyeux-4.jpeg?resize=150%2C150&ssl=1",150,150,true],"medium":["https:\/\/i0.wp.com\/www.emmanuelastier.com\/wp-content\/uploads\/2024\/12\/noel-joyeux-4.jpeg?fit=300%2C300&ssl=1",300,300,true],"medium_large":["https:\/\/i0.wp.com\/www.emmanuelastier.com\/wp-content\/uploads\/2024\/12\/noel-joyeux-4.jpeg?fit=700%2C700&ssl=1",700,700,true],"large":["https:\/\/i0.wp.com\/www.emmanuelastier.com\/wp-content\/uploads\/2024\/12\/noel-joyeux-4.jpeg?fit=700%2C700&ssl=1",700,700,true],"1536x1536":["https:\/\/i0.wp.com\/www.emmanuelastier.com\/wp-content\/uploads\/2024\/12\/noel-joyeux-4.jpeg?fit=1024%2C1024&ssl=1",1024,1024,true],"2048x2048":["https:\/\/i0.wp.com\/www.emmanuelastier.com\/wp-content\/uploads\/2024\/12\/noel-joyeux-4.jpeg?fit=1024%2C1024&ssl=1",1024,1024,true],"pgmb-post-image":["https:\/\/i0.wp.com\/www.emmanuelastier.com\/wp-content\/uploads\/2024\/12\/noel-joyeux-4.jpeg?resize=1024%2C667&ssl=1",1024,667,true],"travelify-featured":["https:\/\/i0.wp.com\/www.emmanuelastier.com\/wp-content\/uploads\/2024\/12\/noel-joyeux-4.jpeg?resize=670%2C300&ssl=1",670,300,true],"travelify-featured-medium":["https:\/\/i0.wp.com\/www.emmanuelastier.com\/wp-content\/uploads\/2024\/12\/noel-joyeux-4.jpeg?resize=230%2C230&ssl=1",230,230,true],"travelify-slider":["https:\/\/i0.wp.com\/www.emmanuelastier.com\/wp-content\/uploads\/2024\/12\/noel-joyeux-4.jpeg?resize=1018%2C460&ssl=1",1018,460,true],"travelify-gallery":["https:\/\/i0.wp.com\/www.emmanuelastier.com\/wp-content\/uploads\/2024\/12\/noel-joyeux-4.jpeg?resize=474%2C342&ssl=1",474,342,true],"woocommerce_thumbnail":["https:\/\/i0.wp.com\/www.emmanuelastier.com\/wp-content\/uploads\/2024\/12\/noel-joyeux-4.jpeg?fit=300%2C300&ssl=1",300,300,true],"woocommerce_single":["https:\/\/i0.wp.com\/www.emmanuelastier.com\/wp-content\/uploads\/2024\/12\/noel-joyeux-4.jpeg?fit=600%2C600&ssl=1",600,600,true],"woocommerce_gallery_thumbnail":["https:\/\/i0.wp.com\/www.emmanuelastier.com\/wp-content\/uploads\/2024\/12\/noel-joyeux-4.jpeg?resize=100%2C100&ssl=1",100,100,true]},"uagb_author_info":{"display_name":"emmanuelastier37","author_link":"https:\/\/www.emmanuelastier.com\/index.php\/author\/emmanuelastier37\/"},"uagb_comment_info":0,"uagb_excerpt":"No\u00ebl, symbolisant paix et espoir, allie traditions pa\u00efennes et chr\u00e9tiennes. C\u00e9l\u00e9br\u00e9e depuis 354, cette f\u00eate \u00e9voque la lumi\u00e8re et le renouveau en plein hiver. Les traditions comme l'arbre de No\u00ebl et la cr\u00e8che illustrent l'amour familial. No\u00ebl est un moment d'introspection, de partage et de reconnexion avec soi et les autres.","jetpack_sharing_enabled":true,"jetpack_shortlink":"https:\/\/wp.me\/p6uLbm-6CI","jetpack-related-posts":[{"id":25467,"url":"https:\/\/www.emmanuelastier.com\/index.php\/2024\/12\/15\/le-solstice-dhiver-le-symbolisme-cache-du-jour-le-plus-court\/","url_meta":{"origin":25464,"position":0},"title":"Le solstice d\u2019hiver : le symbolisme cach\u00e9 du jour le plus court","author":"emmanuelastier37","date":"15 d\u00e9cembre 2024","format":false,"excerpt":"Le solstice d'hiver, c\u00e9l\u00e9br\u00e9 le 21 d\u00e9cembre, symbolise un moment de r\u00e9flexion et de renaissance, en lien avec la Saint-Jean d'hiver. Cette p\u00e9riode \u00e9voque l'importance de la lumi\u00e8re int\u00e9rieure face \u00e0 l'obscurit\u00e9. Le solstice et No\u00ebl soulignent une transformation spirituelle essentielle, rappelant que chaque d\u00e9clin pr\u00e9pare un renouveau.","rel":"","context":"Dans &quot;Actualit\u00e9s !&quot;","block_context":{"text":"Actualit\u00e9s !","link":"https:\/\/www.emmanuelastier.com\/index.php\/category\/actualites\/"},"img":{"alt_text":"","src":"https:\/\/i0.wp.com\/www.emmanuelastier.com\/wp-content\/uploads\/2024\/12\/solstice-dhiver.jpeg?fit=1024%2C1024&ssl=1&resize=350%2C200","width":350,"height":200,"srcset":"https:\/\/i0.wp.com\/www.emmanuelastier.com\/wp-content\/uploads\/2024\/12\/solstice-dhiver.jpeg?fit=1024%2C1024&ssl=1&resize=350%2C200 1x, https:\/\/i0.wp.com\/www.emmanuelastier.com\/wp-content\/uploads\/2024\/12\/solstice-dhiver.jpeg?fit=1024%2C1024&ssl=1&resize=525%2C300 1.5x, https:\/\/i0.wp.com\/www.emmanuelastier.com\/wp-content\/uploads\/2024\/12\/solstice-dhiver.jpeg?fit=1024%2C1024&ssl=1&resize=700%2C400 2x"},"classes":[]},{"id":26007,"url":"https:\/\/www.emmanuelastier.com\/index.php\/2025\/12\/15\/la-dimension-spirituelle-de-noel-renouveau-interieur-et-developpement-personnel\/","url_meta":{"origin":25464,"position":1},"title":"La Dimension Spirituelle de No\u00ebl : Renouveau Int\u00e9rieur et D\u00e9veloppement Personnel","author":"emmanuelastier37","date":"15 d\u00e9cembre 2025","format":false,"excerpt":"Au-del\u00e0 des festivit\u00e9s, No\u00ebl porte un symbolisme profond de renaissance et d'introspection. Cette p\u00e9riode du solstice d'hiver repr\u00e9sente le retour de la lumi\u00e8re int\u00e9rieure et une invitation au renouveau spirituel. Comment honorer cette dimension sacr\u00e9e des f\u00eates ?","rel":"","context":"Dans &quot;Actualit\u00e9s !&quot;","block_context":{"text":"Actualit\u00e9s !","link":"https:\/\/www.emmanuelastier.com\/index.php\/category\/actualites\/"},"img":{"alt_text":"","src":"https:\/\/i0.wp.com\/www.emmanuelastier.com\/wp-content\/uploads\/2025\/12\/spiritualite-hiver.png?fit=1200%2C896&ssl=1&resize=350%2C200","width":350,"height":200,"srcset":"https:\/\/i0.wp.com\/www.emmanuelastier.com\/wp-content\/uploads\/2025\/12\/spiritualite-hiver.png?fit=1200%2C896&ssl=1&resize=350%2C200 1x, https:\/\/i0.wp.com\/www.emmanuelastier.com\/wp-content\/uploads\/2025\/12\/spiritualite-hiver.png?fit=1200%2C896&ssl=1&resize=525%2C300 1.5x, https:\/\/i0.wp.com\/www.emmanuelastier.com\/wp-content\/uploads\/2025\/12\/spiritualite-hiver.png?fit=1200%2C896&ssl=1&resize=700%2C400 2x, https:\/\/i0.wp.com\/www.emmanuelastier.com\/wp-content\/uploads\/2025\/12\/spiritualite-hiver.png?fit=1200%2C896&ssl=1&resize=1050%2C600 3x"},"classes":[]},{"id":25440,"url":"https:\/\/www.emmanuelastier.com\/index.php\/2024\/12\/11\/mon-ebook-de-recettes-de-noel-sante-et-plaisir\/","url_meta":{"origin":25464,"position":2},"title":"Mon eBook de Recettes de No\u00ebl : Sant\u00e9 et Plaisir","author":"emmanuelastier37","date":"11 d\u00e9cembre 2024","format":false,"excerpt":"D\u00e9couvrez l'eBook \"Recettes Sant\u00e9 pr\u00e9f\u00e9r\u00e9es de No\u00ebl\", une collection de recettes festives \u00e0 faible index glyc\u00e9mique. Alliant plaisir et sant\u00e9, il offre des plats r\u00e9invent\u00e9s pour les F\u00eates, faciles \u00e0 pr\u00e9parer tout en pr\u00e9servant le go\u00fbt. Une invitation \u00e0 c\u00e9l\u00e9brer No\u00ebl avec bien-\u00eatre et moments de partage en famille.","rel":"","context":"Dans &quot;Actualit\u00e9s !&quot;","block_context":{"text":"Actualit\u00e9s !","link":"https:\/\/www.emmanuelastier.com\/index.php\/category\/actualites\/"},"img":{"alt_text":"","src":"https:\/\/i0.wp.com\/www.emmanuelastier.com\/wp-content\/uploads\/2024\/12\/livre-de-recettes-noel-3.jpeg?fit=1024%2C1024&ssl=1&resize=350%2C200","width":350,"height":200,"srcset":"https:\/\/i0.wp.com\/www.emmanuelastier.com\/wp-content\/uploads\/2024\/12\/livre-de-recettes-noel-3.jpeg?fit=1024%2C1024&ssl=1&resize=350%2C200 1x, https:\/\/i0.wp.com\/www.emmanuelastier.com\/wp-content\/uploads\/2024\/12\/livre-de-recettes-noel-3.jpeg?fit=1024%2C1024&ssl=1&resize=525%2C300 1.5x, https:\/\/i0.wp.com\/www.emmanuelastier.com\/wp-content\/uploads\/2024\/12\/livre-de-recettes-noel-3.jpeg?fit=1024%2C1024&ssl=1&resize=700%2C400 2x"},"classes":[]},{"id":26026,"url":"https:\/\/www.emmanuelastier.com\/index.php\/2025\/12\/21\/du-21-decembre-jour-du-solstice-dhiver-a-noel-celebrer-la-renaissance-de-la-lumiere\/","url_meta":{"origin":25464,"position":3},"title":"Du 21 D\u00e9cembre jour du Solstice d&rsquo;hiver \u00e0 No\u00ebl : C\u00e9l\u00e9brer la Renaissance de la Lumi\u00e8re","author":"emmanuelastier37","date":"21 d\u00e9cembre 2025","format":false,"excerpt":"La p\u00e9riode parfaite pour prendre soin de Soi ... et des autres ..! Aujourd'hui,\u00a021 d\u00e9cembre 2025, nous franchissons ensemble un seuil cosmique : le\u00a0solstice d'hiver, la nuit la plus longue de l'ann\u00e9e. Ce moment astronomique pr\u00e9cis, o\u00f9 le soleil semble s'arr\u00eater dans sa course (solstitium\u00a0: \u00ab sol \u00bb - soleil\u2026","rel":"","context":"Dans &quot;Actualit\u00e9s !&quot;","block_context":{"text":"Actualit\u00e9s !","link":"https:\/\/www.emmanuelastier.com\/index.php\/category\/actualites\/"},"img":{"alt_text":"","src":"https:\/\/i0.wp.com\/www.emmanuelastier.com\/wp-content\/uploads\/2025\/12\/image-site-solstice-hiver.png?fit=1200%2C670&ssl=1&resize=350%2C200","width":350,"height":200,"srcset":"https:\/\/i0.wp.com\/www.emmanuelastier.com\/wp-content\/uploads\/2025\/12\/image-site-solstice-hiver.png?fit=1200%2C670&ssl=1&resize=350%2C200 1x, https:\/\/i0.wp.com\/www.emmanuelastier.com\/wp-content\/uploads\/2025\/12\/image-site-solstice-hiver.png?fit=1200%2C670&ssl=1&resize=525%2C300 1.5x, https:\/\/i0.wp.com\/www.emmanuelastier.com\/wp-content\/uploads\/2025\/12\/image-site-solstice-hiver.png?fit=1200%2C670&ssl=1&resize=700%2C400 2x, https:\/\/i0.wp.com\/www.emmanuelastier.com\/wp-content\/uploads\/2025\/12\/image-site-solstice-hiver.png?fit=1200%2C670&ssl=1&resize=1050%2C600 3x"},"classes":[]},{"id":18584,"url":"https:\/\/www.emmanuelastier.com\/index.php\/2019\/12\/12\/bien-digerer-pendant-les-fetes-de-fin-dannee\/","url_meta":{"origin":25464,"position":4},"title":"Bien dig\u00e9rer pendant les F\u00eates de fin d&rsquo;ann\u00e9e","author":"emmanuelastier37","date":"12 d\u00e9cembre 2019","format":false,"excerpt":"Tout d\u2019abord, ne pas commencer trop t\u00f4t \u00e0 surcharger votre organisme , favorisez une hygi\u00e8ne de vie plus saine , au moins pendant la semaine pr\u00e9c\u00e9dente. Une alimentation \u00e9quilibr\u00e9e \u00e0 base de crudit\u00e9s ( ma fameuse trilogie du Bonheur... 1\/3 carotte rap\u00e9e + 1\/3 radis noir rap\u00e9 + 1\/3 betterave\u2026","rel":"","context":"Dans &quot;Actualit\u00e9s !&quot;","block_context":{"text":"Actualit\u00e9s !","link":"https:\/\/www.emmanuelastier.com\/index.php\/category\/actualites\/"},"img":{"alt_text":"","src":"https:\/\/i0.wp.com\/img.youtube.com\/vi\/j9Zclas7CRo\/0.jpg?resize=350%2C200","width":350,"height":200},"classes":[]},{"id":603,"url":"https:\/\/www.emmanuelastier.com\/index.php\/2016\/12\/27\/en-attendant-la-nouvelle-annee\/","url_meta":{"origin":25464,"position":5},"title":"En attendant la nouvelle ann\u00e9e..","author":"emmanuelastier37","date":"27 d\u00e9cembre 2016","format":false,"excerpt":"\"Le bonheur n\u2019est pas chose toute faite\u2026 il d\u00e9coule de tes propres actions\u2026\". Dalai Lama \u00ab\u00a0Ne commence rien dont tu puisses te repentir dans la suite. Garde toi d'entreprendre ce que tu ne sais pas faire, et commence par t'instruire de ce que tu dois savoir. C'est ainsi que tu\u2026","rel":"","context":"Dans &quot;Actualit\u00e9s !&quot;","block_context":{"text":"Actualit\u00e9s !","link":"https:\/\/www.emmanuelastier.com\/index.php\/category\/actualites\/"},"img":{"alt_text":"","src":"https:\/\/i0.wp.com\/www.emmanuelastier.com\/wp-content\/uploads\/2016\/12\/HouxFleurs45-283x300.jpg?resize=350%2C200&ssl=1","width":350,"height":200},"classes":[]}],"jetpack_likes_enabled":true,"_links":{"self":[{"href":"https:\/\/www.emmanuelastier.com\/index.php\/wp-json\/wp\/v2\/posts\/25464","targetHints":{"allow":["GET"]}}],"collection":[{"href":"https:\/\/www.emmanuelastier.com\/index.php\/wp-json\/wp\/v2\/posts"}],"about":[{"href":"https:\/\/www.emmanuelastier.com\/index.php\/wp-json\/wp\/v2\/types\/post"}],"author":[{"embeddable":true,"href":"https:\/\/www.emmanuelastier.com\/index.php\/wp-json\/wp\/v2\/users\/1"}],"replies":[{"embeddable":true,"href":"https:\/\/www.emmanuelastier.com\/index.php\/wp-json\/wp\/v2\/comments?post=25464"}],"version-history":[{"count":1,"href":"https:\/\/www.emmanuelastier.com\/index.php\/wp-json\/wp\/v2\/posts\/25464\/revisions"}],"predecessor-version":[{"id":25466,"href":"https:\/\/www.emmanuelastier.com\/index.php\/wp-json\/wp\/v2\/posts\/25464\/revisions\/25466"}],"wp:featuredmedia":[{"embeddable":true,"href":"https:\/\/www.emmanuelastier.com\/index.php\/wp-json\/wp\/v2\/media\/25465"}],"wp:attachment":[{"href":"https:\/\/www.emmanuelastier.com\/index.php\/wp-json\/wp\/v2\/media?parent=25464"}],"wp:term":[{"taxonomy":"category","embeddable":true,"href":"https:\/\/www.emmanuelastier.com\/index.php\/wp-json\/wp\/v2\/categories?post=25464"},{"taxonomy":"post_tag","embeddable":true,"href":"https:\/\/www.emmanuelastier.com\/index.php\/wp-json\/wp\/v2\/tags?post=25464"}],"curies":[{"name":"wp","href":"https:\/\/api.w.org\/{rel}","templated":true}]}}