{"id":268,"date":"2015-07-23T16:53:34","date_gmt":"2015-07-23T16:53:34","guid":{"rendered":"https:\/\/www.emmanuelastier.com\/?p=268"},"modified":"2025-01-22T09:02:45","modified_gmt":"2025-01-22T07:02:45","slug":"les-heros-daujourdhui","status":"publish","type":"post","link":"https:\/\/www.emmanuelastier.com\/index.php\/2015\/07\/23\/les-heros-daujourdhui\/","title":{"rendered":"Les H\u00e9ros d&rsquo;aujourd&rsquo;hui ..!"},"content":{"rendered":"<p>&nbsp;<\/p>\n<p style=\"text-align: center;\"><a href=\"https:\/\/www.emmanuelastier.com\/index.php\/hypnose-en-cabinet\/gif-marcheur_-_copie\/\" rel=\"attachment wp-att-206\"><img data-recalc-dims=\"1\" loading=\"lazy\" decoding=\"async\" data-attachment-id=\"206\" data-permalink=\"https:\/\/www.emmanuelastier.com\/index.php\/hypnose-en-cabinet\/gif-marcheur_-_copie\/\" data-orig-file=\"https:\/\/i0.wp.com\/www.emmanuelastier.com\/wp-content\/uploads\/2015\/07\/gif-marcheur_-_Copie.gif?fit=180%2C180&amp;ssl=1\" data-orig-size=\"180,180\" data-comments-opened=\"1\" data-image-meta=\"{&quot;aperture&quot;:&quot;0&quot;,&quot;credit&quot;:&quot;&quot;,&quot;camera&quot;:&quot;&quot;,&quot;caption&quot;:&quot;&quot;,&quot;created_timestamp&quot;:&quot;0&quot;,&quot;copyright&quot;:&quot;&quot;,&quot;focal_length&quot;:&quot;0&quot;,&quot;iso&quot;:&quot;0&quot;,&quot;shutter_speed&quot;:&quot;0&quot;,&quot;title&quot;:&quot;&quot;,&quot;orientation&quot;:&quot;0&quot;}\" data-image-title=\"gif-marcheur_-_Copie\" data-image-description=\"\" data-image-caption=\"\" data-large-file=\"https:\/\/i0.wp.com\/www.emmanuelastier.com\/wp-content\/uploads\/2015\/07\/gif-marcheur_-_Copie.gif?fit=180%2C180&amp;ssl=1\" class=\"alignnone size-full wp-image-206\" src=\"https:\/\/i0.wp.com\/www.emmanuelastier.com\/wp-content\/uploads\/2015\/07\/gif-marcheur_-_Copie.gif?resize=180%2C180&#038;ssl=1\" alt=\"gif-marcheur_-_Copie\" width=\"180\" height=\"180\" \/><\/a><\/p>\n<p>&nbsp;<\/p>\n<p>&nbsp;<\/p>\n<h1 class=\"entry-title\">\u00a0Aux \u00ab\u00a0Ami(e)s dirigeant(e)s d\u2019entreprise de France !\u00a0\u00bb<\/h1>\n<p>du Dr Philippe Rodet<\/p>\n<p>&nbsp;<\/p>\n<p>Je ne pouvais\u00a0 m\u2019emp\u00eacher d&rsquo;\u00e9crire un article suite \u00e0 la lecture de cet article de Philippe Rodet&#8230;<\/p>\n<p>.<a href=\"https:\/\/www.stress-info.org\/nouvelles-recentes\/amies-dirigeantes-dentreprise-de-france\" target=\"_blank\">https:\/\/www.stress-info.org\/nouvelles-recentes\/amies-dirigeantes-dentreprise-de-france<\/a><\/p>\n<p>&nbsp;<\/p>\n<p>En effet, il demande \u00e0 tous les dirigeants et dirigeantes d&rsquo;entreprises &#8230;minuscules, petites, moyennes, grandes&#8230;.. d\u2019insuffler&#8230;\u00e0 nouveau un vent de positivit\u00e9 que je qualifierais presque de \u00ab\u00a0patriotique\u00a0\u00bb..!!<\/p>\n<p>Je sais c&rsquo;est mon cot\u00e9 enthousiaste et enflamm\u00e9 ..!!<\/p>\n<p>Mais je ne peux pas , ne pas y voir la continuit\u00e9 d&rsquo;autres grands messages de notre histoire&#8230;..<\/p>\n<p>un certain appel du 18 Juin 1940 du G\u00e9n\u00e9ral De Gaulle &#8230;.par exemple &#8230;\u00a0 ou le deux septembre 1792 quant Danton lance \u00e0 la tribune de l&rsquo;Assembl\u00e9e Nationale\u00a0 &lsquo;De l&rsquo;audace, encore de l&rsquo;audace, toujours de l&rsquo;audace\u00a0\u00bb&#8230;.. ou quant l&rsquo;Empereur Napol\u00e9on 1er \u00e9crit le neuf Juillet 1813&#8230;\u00a0\u00bbImpossible n&rsquo;est pas Fran\u00e7ais..!\u00a0\u00bb<\/p>\n<p><img data-recalc-dims=\"1\" loading=\"lazy\" decoding=\"async\" data-attachment-id=\"269\" data-permalink=\"https:\/\/www.emmanuelastier.com\/index.php\/2015\/07\/23\/les-heros-daujourdhui\/discours-francais\/\" data-orig-file=\"https:\/\/i0.wp.com\/www.emmanuelastier.com\/wp-content\/uploads\/2015\/07\/discours-fran%C3%A7ais.jpg?fit=278%2C181&amp;ssl=1\" data-orig-size=\"278,181\" data-comments-opened=\"0\" data-image-meta=\"{&quot;aperture&quot;:&quot;0&quot;,&quot;credit&quot;:&quot;&quot;,&quot;camera&quot;:&quot;&quot;,&quot;caption&quot;:&quot;&quot;,&quot;created_timestamp&quot;:&quot;0&quot;,&quot;copyright&quot;:&quot;&quot;,&quot;focal_length&quot;:&quot;0&quot;,&quot;iso&quot;:&quot;0&quot;,&quot;shutter_speed&quot;:&quot;0&quot;,&quot;title&quot;:&quot;&quot;,&quot;orientation&quot;:&quot;0&quot;}\" data-image-title=\"discours fran\u00e7ais\" data-image-description=\"\" data-image-caption=\"\" data-large-file=\"https:\/\/i0.wp.com\/www.emmanuelastier.com\/wp-content\/uploads\/2015\/07\/discours-fran%C3%A7ais.jpg?fit=278%2C181&amp;ssl=1\" class=\"alignnone size-full wp-image-269 aligncenter\" src=\"https:\/\/i0.wp.com\/www.emmanuelastier.com\/wp-content\/uploads\/2015\/07\/discours-fran%C3%A7ais.jpg?resize=278%2C181&#038;ssl=1\" alt=\"discours fran\u00e7ais\" width=\"278\" height=\"181\" \/><\/p>\n<p><strong>R<\/strong><strong>edonner le go\u00fbt du risque intelligent<\/strong>, <strong>nourrir l\u2019envie<\/strong>, <strong>repr\u00e9senter l\u2019audace<\/strong>,\u00a0 <strong>restaurer la confiance<\/strong>\u00a0 <strong>illustrer le go\u00fbt de l\u2019effort<\/strong>, <strong>incarner le sentiment de justice<\/strong>,\u00a0 <strong>construire et diffuser une culture de l\u2019optimisme<\/strong>,<br \/>\nRetrouvons le gout de la r\u00e9ussite et du d\u00e9passement de soi &lsquo;\u00e0 la fran\u00e7aise\u00a0\u00bb , et nous aussi serons aujourd&rsquo;hui des h\u00e9ros \u00e0 notre fa\u00e7on &#8230;parfois bien modeste mais bien pr\u00e9sent et si n\u00e9cessaire &#8230;.<\/p>\n<p>Bonne lecture \u00e0 tous !<\/p>\n<p><a href=\"https:\/\/evene.lefigaro.fr\/citation\/chose-evolue-tout-autour-evolue-meme-5716.php\">\u201cLorsqu&rsquo;une chose \u00e9volue, tout ce qui est autour \u00e9volue de m\u00eame.\u201d<\/a><\/p>\n<p>Paolo Coehlo \u00ab\u00a0l&rsquo;Alchimiste\u00a0\u00bb<\/p>\n","protected":false},"excerpt":{"rendered":"<p>&nbsp; &nbsp; &nbsp; \u00a0Aux \u00ab\u00a0Ami(e)s dirigeant(e)s d\u2019entreprise de France !\u00a0\u00bb du Dr Philippe Rodet &nbsp; Je ne pouvais\u00a0 m\u2019emp\u00eacher d&rsquo;\u00e9crire un article suite \u00e0 la lecture de cet article de Philippe Rodet&#8230; .https:\/\/www.stress-info.org\/nouvelles-recentes\/amies-dirigeantes-dentreprise-de-france &nbsp; En effet, il demande \u00e0 tous&hellip; <\/p>\n","protected":false},"author":1,"featured_media":0,"comment_status":"closed","ping_status":"open","sticky":true,"template":"","format":"standard","meta":{"_uag_custom_page_level_css":"","_mbp_gutenberg_autopost":false,"jetpack_post_was_ever_published":false,"_jetpack_newsletter_access":"","_jetpack_dont_email_post_to_subs":false,"_jetpack_newsletter_tier_id":0,"_jetpack_memberships_contains_paywalled_content":false,"_jetpack_memberships_contains_paid_content":false,"footnotes":"","jetpack_publicize_message":"","jetpack_publicize_feature_enabled":true,"jetpack_social_post_already_shared":true,"jetpack_social_options":{"image_generator_settings":{"template":"highway","default_image_id":0,"font":"","enabled":false},"version":2}},"categories":[9,1221,13],"tags":[24,32,27,31,29,35,34,28,33,23,25,26,30],"class_list":["post-268","post","type-post","status-publish","format-standard","hentry","category-actualites","category-articles","category-que-pouvez-vous-realiser-avec-lhypnose","tag-attitude","tag-audace","tag-bonheur","tag-confiance","tag-effort","tag-france","tag-heros","tag-joie","tag-justice","tag-positif","tag-positive","tag-reussite","tag-risque"],"jetpack_publicize_connections":[],"jetpack_featured_media_url":"","uagb_featured_image_src":{"full":false,"thumbnail":false,"medium":false,"medium_large":false,"large":false,"1536x1536":false,"2048x2048":false,"pgmb-post-image":false,"travelify-featured":false,"travelify-featured-medium":false,"travelify-slider":false,"travelify-gallery":false,"woocommerce_thumbnail":false,"woocommerce_single":false,"woocommerce_gallery_thumbnail":false},"uagb_author_info":{"display_name":"emmanuelastier37","author_link":"https:\/\/www.emmanuelastier.com\/index.php\/author\/emmanuelastier37\/"},"uagb_comment_info":0,"uagb_excerpt":"&nbsp; &nbsp; &nbsp; \u00a0Aux \u00ab\u00a0Ami(e)s dirigeant(e)s d\u2019entreprise de France !\u00a0\u00bb du Dr Philippe Rodet &nbsp; Je ne pouvais\u00a0 m\u2019emp\u00eacher d&rsquo;\u00e9crire un article suite \u00e0 la lecture de cet article de Philippe Rodet&#8230; .https:\/\/www.stress-info.org\/nouvelles-recentes\/amies-dirigeantes-dentreprise-de-france &nbsp; En effet, il demande \u00e0 tous&hellip;","jetpack_sharing_enabled":true,"jetpack_shortlink":"https:\/\/wp.me\/p6uLbm-4k","jetpack-related-posts":[{"id":472,"url":"https:\/\/www.emmanuelastier.com\/index.php\/2016\/05\/07\/vous-commencez-a-stresser-avec-vos-examens\/","url_meta":{"origin":268,"position":0},"title":"Vous commencez \u00e0 stresser avec vos examens ?","author":"emmanuelastier37","date":"7 mai 2016","format":false,"excerpt":"ET Voil\u00e0 nous y sommes ..!! Cette p\u00e9riode de l'ann\u00e9e , stressante , pesante, difficile \u00e0 vivre pour les \u00e9tudiants, les lyc\u00e9es qui passent leur \"Bac\", les 3eme qui passent le Brevet des Coll\u00e8ges , tous les apprentis de France et de Navarre qui pr\u00e9sentent leur C.A.P .... et leurs\u2026","rel":"","context":"Dans &quot;Actualit\u00e9s !&quot;","block_context":{"text":"Actualit\u00e9s !","link":"https:\/\/www.emmanuelastier.com\/index.php\/category\/actualites\/"},"img":{"alt_text":"","src":"https:\/\/i0.wp.com\/www.emmanuelastier.com\/wp-content\/uploads\/2016\/05\/image-r%C3%A9ussir-ses-examens.jpg?fit=600%2C300&ssl=1&resize=350%2C200","width":350,"height":200,"srcset":"https:\/\/i0.wp.com\/www.emmanuelastier.com\/wp-content\/uploads\/2016\/05\/image-r%C3%A9ussir-ses-examens.jpg?fit=600%2C300&ssl=1&resize=350%2C200 1x, https:\/\/i0.wp.com\/www.emmanuelastier.com\/wp-content\/uploads\/2016\/05\/image-r%C3%A9ussir-ses-examens.jpg?fit=600%2C300&ssl=1&resize=525%2C300 1.5x"},"classes":[]},{"id":19930,"url":"https:\/\/www.emmanuelastier.com\/index.php\/2022\/03\/17\/lechec-a-lexamen-du-code-et-du-permis-de-conduire-de-plus-en-plus-couteux-pour-les-familles\/","url_meta":{"origin":268,"position":1},"title":"L\u2019\u00e9chec \u00e0 l\u2019examen du code et du permis de conduire, de plus en plus couteux pour les familles\u2026","author":"emmanuelastier37","date":"17 mars 2022","format":false,"excerpt":"Contrairement \u00e0 ce que pensent la plupart des Fran\u00e7ais, l\u2019examen le plus pass\u00e9 chaque ann\u00e9e en France n\u2019est pas le baccalaur\u00e9at, mais bien le permis de conduire. L\u2019\u00e9chec \u00e0 l\u2019examen du code et au permis de conduire en France est loin d\u2019\u00eatre anodin. D\u2019apr\u00e8s une \u00e9tude de la s\u00e9curit\u00e9 routi\u00e8re,\u2026","rel":"","context":"Dans &quot;Actualit\u00e9s !&quot;","block_context":{"text":"Actualit\u00e9s !","link":"https:\/\/www.emmanuelastier.com\/index.php\/category\/actualites\/"},"img":{"alt_text":"R\u00e9ussir son permis de conduire","src":"https:\/\/i0.wp.com\/www.emmanuelastier.com\/wp-content\/uploads\/2022\/03\/cars.jpg?fit=1200%2C1088&ssl=1&resize=350%2C200","width":350,"height":200,"srcset":"https:\/\/i0.wp.com\/www.emmanuelastier.com\/wp-content\/uploads\/2022\/03\/cars.jpg?fit=1200%2C1088&ssl=1&resize=350%2C200 1x, https:\/\/i0.wp.com\/www.emmanuelastier.com\/wp-content\/uploads\/2022\/03\/cars.jpg?fit=1200%2C1088&ssl=1&resize=525%2C300 1.5x, https:\/\/i0.wp.com\/www.emmanuelastier.com\/wp-content\/uploads\/2022\/03\/cars.jpg?fit=1200%2C1088&ssl=1&resize=700%2C400 2x, https:\/\/i0.wp.com\/www.emmanuelastier.com\/wp-content\/uploads\/2022\/03\/cars.jpg?fit=1200%2C1088&ssl=1&resize=1050%2C600 3x"},"classes":[]},{"id":19819,"url":"https:\/\/www.emmanuelastier.com\/index.php\/2024\/12\/13\/3-habitudes-indispensables-pour-etre-zen-au-quotidien\/","url_meta":{"origin":268,"position":2},"title":"Mes 3 habitudes indispensables pour \u00eatre zen tous les jours !","author":"emmanuelastier37","date":"13 d\u00e9cembre 2024","format":false,"excerpt":"Olivier Roland, blogueur en d\u00e9veloppement personnel, m'a invit\u00e9 \u00e0 l'\u00c9v\u00e9nement inter-blogueurs 2024. J'ai r\u00e9fl\u00e9chi \u00e0 mes routines pour rester zen : me lever t\u00f4t, partager un petit d\u00e9jeuner \u00e9quilibr\u00e9, et me connecter \u00e0 la nature. Ces rituels renforcent mon bien-\u00eatre et ma s\u00e9r\u00e9nit\u00e9 face aux d\u00e9fis quotidiens. Quelles sont vos\u2026","rel":"","context":"Dans &quot;Actualit\u00e9s !&quot;","block_context":{"text":"Actualit\u00e9s !","link":"https:\/\/www.emmanuelastier.com\/index.php\/category\/actualites\/"},"img":{"alt_text":"","src":"https:\/\/i0.wp.com\/www.emmanuelastier.com\/wp-content\/uploads\/2024\/08\/Emmanuel-1.jpg?fit=900%2C1200&ssl=1&resize=350%2C200","width":350,"height":200,"srcset":"https:\/\/i0.wp.com\/www.emmanuelastier.com\/wp-content\/uploads\/2024\/08\/Emmanuel-1.jpg?fit=900%2C1200&ssl=1&resize=350%2C200 1x, https:\/\/i0.wp.com\/www.emmanuelastier.com\/wp-content\/uploads\/2024\/08\/Emmanuel-1.jpg?fit=900%2C1200&ssl=1&resize=525%2C300 1.5x, https:\/\/i0.wp.com\/www.emmanuelastier.com\/wp-content\/uploads\/2024\/08\/Emmanuel-1.jpg?fit=900%2C1200&ssl=1&resize=700%2C400 2x"},"classes":[]},{"id":25928,"url":"https:\/\/www.emmanuelastier.com\/index.php\/2025\/10\/06\/douleurs-chroniques-et-mastication-lapproche-naturopathique-globale\/","url_meta":{"origin":268,"position":3},"title":"Douleurs Chroniques et Mastication : L&rsquo;Approche Naturopathique Globale","author":"emmanuelastier37","date":"6 octobre 2025","format":false,"excerpt":"Les tensions cervicales et troubles temporo-mandibulaires affectent de nombreuses personnes sans qu'elles en soient conscientes. En\u00a0naturopathie, j'aborde ces douleurs par une vision holistique int\u00e9grant structure, \u00e9motion et \u00e9nergie. La\u00a0mastication accompagn\u00e9e\u00a0que je pratique optimise la digestion tout en lib\u00e9rant les tensions faciales. Cette approche unique combine\u00a0neurosciences\u00a0(compr\u00e9hension des circuits neurologiques de la\u2026","rel":"","context":"Dans &quot;Actualit\u00e9s !&quot;","block_context":{"text":"Actualit\u00e9s !","link":"https:\/\/www.emmanuelastier.com\/index.php\/category\/actualites\/"},"img":{"alt_text":"","src":"https:\/\/i0.wp.com\/www.emmanuelastier.com\/wp-content\/uploads\/2025\/10\/1af914f1-144d-463b-b2cb-b3002a9b02ec_wm-scaled.jpeg?fit=1200%2C670&ssl=1&resize=350%2C200","width":350,"height":200,"srcset":"https:\/\/i0.wp.com\/www.emmanuelastier.com\/wp-content\/uploads\/2025\/10\/1af914f1-144d-463b-b2cb-b3002a9b02ec_wm-scaled.jpeg?fit=1200%2C670&ssl=1&resize=350%2C200 1x, https:\/\/i0.wp.com\/www.emmanuelastier.com\/wp-content\/uploads\/2025\/10\/1af914f1-144d-463b-b2cb-b3002a9b02ec_wm-scaled.jpeg?fit=1200%2C670&ssl=1&resize=525%2C300 1.5x, https:\/\/i0.wp.com\/www.emmanuelastier.com\/wp-content\/uploads\/2025\/10\/1af914f1-144d-463b-b2cb-b3002a9b02ec_wm-scaled.jpeg?fit=1200%2C670&ssl=1&resize=700%2C400 2x, https:\/\/i0.wp.com\/www.emmanuelastier.com\/wp-content\/uploads\/2025\/10\/1af914f1-144d-463b-b2cb-b3002a9b02ec_wm-scaled.jpeg?fit=1200%2C670&ssl=1&resize=1050%2C600 3x"},"classes":[]},{"id":25942,"url":"https:\/\/www.emmanuelastier.com\/index.php\/2025\/10\/11\/maladies-infectieuses-renforcer-son-immunite-par-la-naturopathie\/","url_meta":{"origin":268,"position":4},"title":"Maladies Infectieuses : Renforcer son Immunit\u00e9 par la Naturopathie","author":"emmanuelastier37","date":"11 octobre 2025","format":false,"excerpt":"Face aux 24 maladies infectieuses sous surveillance mondiale, renforcer votre immunit\u00e9 devient prioritaire. En\u00a0naturopathie, je vous accompagne dans une approche pr\u00e9ventive personnalis\u00e9e et efficace. Mon protocole immunitaire combine\u00a0cuisine sant\u00e9\u00a0riche en antioxydants, vitamines C et D naturelles, et probiotiques pour renforcer votre \u00e9cosyst\u00e8me intestinal (70% de l'immunit\u00e9).","rel":"","context":"Dans &quot;Actualit\u00e9s !&quot;","block_context":{"text":"Actualit\u00e9s !","link":"https:\/\/www.emmanuelastier.com\/index.php\/category\/actualites\/"},"img":{"alt_text":"","src":"https:\/\/i0.wp.com\/www.emmanuelastier.com\/wp-content\/uploads\/2025\/10\/625f5a5a-f44f-4f7d-acbf-7967fc8c57e2_wm-scaled.jpeg?fit=1200%2C670&ssl=1&resize=350%2C200","width":350,"height":200,"srcset":"https:\/\/i0.wp.com\/www.emmanuelastier.com\/wp-content\/uploads\/2025\/10\/625f5a5a-f44f-4f7d-acbf-7967fc8c57e2_wm-scaled.jpeg?fit=1200%2C670&ssl=1&resize=350%2C200 1x, https:\/\/i0.wp.com\/www.emmanuelastier.com\/wp-content\/uploads\/2025\/10\/625f5a5a-f44f-4f7d-acbf-7967fc8c57e2_wm-scaled.jpeg?fit=1200%2C670&ssl=1&resize=525%2C300 1.5x, https:\/\/i0.wp.com\/www.emmanuelastier.com\/wp-content\/uploads\/2025\/10\/625f5a5a-f44f-4f7d-acbf-7967fc8c57e2_wm-scaled.jpeg?fit=1200%2C670&ssl=1&resize=700%2C400 2x, https:\/\/i0.wp.com\/www.emmanuelastier.com\/wp-content\/uploads\/2025\/10\/625f5a5a-f44f-4f7d-acbf-7967fc8c57e2_wm-scaled.jpeg?fit=1200%2C670&ssl=1&resize=1050%2C600 3x"},"classes":[]},{"id":24712,"url":"https:\/\/www.emmanuelastier.com\/index.php\/2024\/12\/13\/24712\/","url_meta":{"origin":268,"position":5},"title":"Comment g\u00e9rer votre stress et am\u00e9liorer votre m\u00e9moire !","author":"emmanuelastier37","date":"13 d\u00e9cembre 2024","format":false,"excerpt":"G\u00e9rer le Stress et Am\u00e9liorer la M\u00e9moire pour les Examens : Conseils d'un Naturopathe et Hypnoth\u00e9rapeute Exp\u00e9riment\u00e9 En tant que naturopathe et hypnoth\u00e9rapeute avec plus de 20 ans d'exp\u00e9rience, j'ai travaill\u00e9 avec de nombreux \u00e9tudiants pour les aider \u00e0 g\u00e9rer le stress et \u00e0 am\u00e9liorer leur m\u00e9moire en vue des\u2026","rel":"","context":"Dans &quot;Actualit\u00e9s !&quot;","block_context":{"text":"Actualit\u00e9s !","link":"https:\/\/www.emmanuelastier.com\/index.php\/category\/actualites\/"},"img":{"alt_text":"","src":"https:\/\/i0.wp.com\/www.emmanuelastier.com\/wp-content\/uploads\/2016\/12\/image-r%C3%A9ussir-ses-examens.jpg?fit=600%2C300&ssl=1&resize=350%2C200","width":350,"height":200,"srcset":"https:\/\/i0.wp.com\/www.emmanuelastier.com\/wp-content\/uploads\/2016\/12\/image-r%C3%A9ussir-ses-examens.jpg?fit=600%2C300&ssl=1&resize=350%2C200 1x, https:\/\/i0.wp.com\/www.emmanuelastier.com\/wp-content\/uploads\/2016\/12\/image-r%C3%A9ussir-ses-examens.jpg?fit=600%2C300&ssl=1&resize=525%2C300 1.5x"},"classes":[]}],"jetpack_likes_enabled":true,"_links":{"self":[{"href":"https:\/\/www.emmanuelastier.com\/index.php\/wp-json\/wp\/v2\/posts\/268","targetHints":{"allow":["GET"]}}],"collection":[{"href":"https:\/\/www.emmanuelastier.com\/index.php\/wp-json\/wp\/v2\/posts"}],"about":[{"href":"https:\/\/www.emmanuelastier.com\/index.php\/wp-json\/wp\/v2\/types\/post"}],"author":[{"embeddable":true,"href":"https:\/\/www.emmanuelastier.com\/index.php\/wp-json\/wp\/v2\/users\/1"}],"replies":[{"embeddable":true,"href":"https:\/\/www.emmanuelastier.com\/index.php\/wp-json\/wp\/v2\/comments?post=268"}],"version-history":[{"count":1,"href":"https:\/\/www.emmanuelastier.com\/index.php\/wp-json\/wp\/v2\/posts\/268\/revisions"}],"predecessor-version":[{"id":270,"href":"https:\/\/www.emmanuelastier.com\/index.php\/wp-json\/wp\/v2\/posts\/268\/revisions\/270"}],"wp:attachment":[{"href":"https:\/\/www.emmanuelastier.com\/index.php\/wp-json\/wp\/v2\/media?parent=268"}],"wp:term":[{"taxonomy":"category","embeddable":true,"href":"https:\/\/www.emmanuelastier.com\/index.php\/wp-json\/wp\/v2\/categories?post=268"},{"taxonomy":"post_tag","embeddable":true,"href":"https:\/\/www.emmanuelastier.com\/index.php\/wp-json\/wp\/v2\/tags?post=268"}],"curies":[{"name":"wp","href":"https:\/\/api.w.org\/{rel}","templated":true}]}}