{"id":407,"date":"2015-11-15T01:22:08","date_gmt":"2015-11-15T01:22:08","guid":{"rendered":"https:\/\/www.emmanuelastier.com\/?p=407"},"modified":"2025-01-22T09:02:14","modified_gmt":"2025-01-22T07:02:14","slug":"gros-stress-dans-lenfance-et-ce-sont-toute-sa-sante-et-sa-vision-de-la-vie-qui-sont-fragilisees","status":"publish","type":"post","link":"https:\/\/www.emmanuelastier.com\/index.php\/2015\/11\/15\/gros-stress-dans-lenfance-et-ce-sont-toute-sa-sante-et-sa-vision-de-la-vie-qui-sont-fragilisees\/","title":{"rendered":"Gros stress dans l&rsquo;enfance  et ce sont toute sa sant\u00e9 et sa vision de la vie qui sont fragilis\u00e9es"},"content":{"rendered":"<p>&nbsp;<\/p>\n<p style=\"text-align: center;\"><img data-recalc-dims=\"1\" loading=\"lazy\" decoding=\"async\" data-attachment-id=\"281\" data-permalink=\"https:\/\/www.emmanuelastier.com\/index.php\/2015\/07\/29\/mincir-grace-a-lhypnose-ou-la-reduction-virtuelle-de-lestomac\/regard-hypno-numeric\/\" data-orig-file=\"https:\/\/i0.wp.com\/www.emmanuelastier.com\/wp-content\/uploads\/2015\/07\/regard-hypno-num%C3%A9ric.jpg?fit=350%2C212&amp;ssl=1\" data-orig-size=\"350,212\" data-comments-opened=\"0\" data-image-meta=\"{&quot;aperture&quot;:&quot;0&quot;,&quot;credit&quot;:&quot;&quot;,&quot;camera&quot;:&quot;&quot;,&quot;caption&quot;:&quot;&quot;,&quot;created_timestamp&quot;:&quot;0&quot;,&quot;copyright&quot;:&quot;&quot;,&quot;focal_length&quot;:&quot;0&quot;,&quot;iso&quot;:&quot;0&quot;,&quot;shutter_speed&quot;:&quot;0&quot;,&quot;title&quot;:&quot;&quot;,&quot;orientation&quot;:&quot;1&quot;}\" data-image-title=\"regard hypno num\u00e9ric\" data-image-description=\"\" data-image-caption=\"\" data-large-file=\"https:\/\/i0.wp.com\/www.emmanuelastier.com\/wp-content\/uploads\/2015\/07\/regard-hypno-num%C3%A9ric.jpg?fit=350%2C212&amp;ssl=1\" class=\"alignnone size-medium wp-image-281\" src=\"https:\/\/i0.wp.com\/www.emmanuelastier.com\/wp-content\/uploads\/2015\/07\/regard-hypno-num%C3%A9ric.jpg?resize=300%2C182&#038;ssl=1\" alt=\"regard hypno num\u00e9ric\" width=\"300\" height=\"182\" srcset=\"https:\/\/i0.wp.com\/www.emmanuelastier.com\/wp-content\/uploads\/2015\/07\/regard-hypno-num%C3%A9ric.jpg?resize=300%2C182&amp;ssl=1 300w, https:\/\/i0.wp.com\/www.emmanuelastier.com\/wp-content\/uploads\/2015\/07\/regard-hypno-num%C3%A9ric.jpg?w=350&amp;ssl=1 350w\" sizes=\"auto, (max-width: 300px) 100vw, 300px\" \/><\/p>\n<p>Un <a href=\"https:\/\/www.sciencesetavenir.fr\/sante\/20150223.OBS3195\/stress-subi-pendant-l-enfance-quelles-consequences.html\">article<\/a> publi\u00e9 le 25 f\u00e9vrier 2015 par Lise Loum\u00e9 sur le site \u00ab\u00a0Sciences et avenir\u00a0\u00bb, aborde les cons\u00e9quences sur la sant\u00e9 du stress subi sur\u00a0 l\u2019enfance et la vie d&rsquo;adulte&#8230;.<\/p>\n<p>Ainsi , apr\u00e8s une \u00e9tude r\u00e9alis\u00e9e en Grande Bretagne\u00a0 sur deux crit\u00e8res : <strong>\u00e9v\u00e8nements traumatiques<\/strong> dans l\u2019enfance comme <strong>le divorce des parents<\/strong>, <strong>l\u2019absence de soins<\/strong>, <strong>l\u2019alcoolisme des parents<\/strong>\u2026. et <strong>l&rsquo;usure biologique de l&rsquo;organisme<\/strong> , d\u00e9termin\u00e9e en 14 points pr\u00e9cis &#8230;\u2026les r\u00e9sultats montrent que ceux ayant subi un fort stress en enfance sont beaucoup plus \u00ab\u00a0us\u00e9s\u00a0\u00bb bio-chimiquement parlant \u00ab\u00a0que les autres&#8230;.<\/p>\n<p>De m\u00eame plusieurs \u00e9tudes ont d\u00e9montr\u00e9 qu&rsquo;un fort stress durant l\u2019enfance \u00e9tait un facteur de risque majeur de d\u00e9pression.<\/p>\n<p>Pour en comprendre le m\u00e9canisme, les chercheurs d&rsquo;une universit\u00e9 au Texas ont r\u00e9alis\u00e9 une \u00e9tude du niveau d\u2019humeur, coupl\u00e9e \u00e0 un scanner du cerveau d&rsquo;un nombre de jeunes de 11 \u00e0 15 ans\u00a0 .<\/p>\n<p>Ils se sont aper\u00e7us que chez les adolescents qui avait \u00e9t\u00e9 n\u00e9glig\u00e9\u00a0 affectivement l\u2019activit\u00e9 dans les zones de la r\u00e9compense, ainsi que\u00a0 la capacit\u00e9 \u00e0 ressentir des \u00e9motions positives a \u00e9t\u00e9 fortement diminu\u00e9e !<\/p>\n<p>\u00ab\u00a0<em>Plus concr\u00e8tement,\u00a0 trop de stress t\u00f4t dans la vie compromet la capacit\u00e9 \u00e0 \u00e9prouver de l\u2019enthousiasme et du plaisir, dans la vie d&rsquo;adolescent et plus tard d&rsquo;adulte<\/em>.<\/p>\n","protected":false},"excerpt":{"rendered":"<p>&nbsp; Un article publi\u00e9 le 25 f\u00e9vrier 2015 par Lise Loum\u00e9 sur le site \u00ab\u00a0Sciences et avenir\u00a0\u00bb, aborde les cons\u00e9quences sur la sant\u00e9 du stress subi sur\u00a0 l\u2019enfance et la vie d&rsquo;adulte&#8230;. Ainsi , apr\u00e8s une \u00e9tude r\u00e9alis\u00e9e en Grande&hellip; <\/p>\n","protected":false},"author":1,"featured_media":0,"comment_status":"closed","ping_status":"open","sticky":true,"template":"","format":"standard","meta":{"_uag_custom_page_level_css":"","_mbp_gutenberg_autopost":false,"jetpack_post_was_ever_published":false,"_jetpack_newsletter_access":"","_jetpack_dont_email_post_to_subs":false,"_jetpack_newsletter_tier_id":0,"_jetpack_memberships_contains_paywalled_content":false,"_jetpack_memberships_contains_paid_content":false,"footnotes":"","jetpack_publicize_message":"","jetpack_publicize_feature_enabled":true,"jetpack_social_post_already_shared":true,"jetpack_social_options":{"image_generator_settings":{"template":"highway","default_image_id":0,"font":"","enabled":false},"version":2}},"categories":[9,1221],"tags":[58,24,59,48,60,57,25],"class_list":["post-407","post","type-post","status-publish","format-standard","hentry","category-actualites","category-articles","tag-article","tag-attitude","tag-bien","tag-depression","tag-etre","tag-hypnose","tag-positive"],"jetpack_publicize_connections":[],"jetpack_featured_media_url":"","uagb_featured_image_src":{"full":false,"thumbnail":false,"medium":false,"medium_large":false,"large":false,"1536x1536":false,"2048x2048":false,"pgmb-post-image":false,"travelify-featured":false,"travelify-featured-medium":false,"travelify-slider":false,"travelify-gallery":false,"woocommerce_thumbnail":false,"woocommerce_single":false,"woocommerce_gallery_thumbnail":false},"uagb_author_info":{"display_name":"emmanuelastier37","author_link":"https:\/\/www.emmanuelastier.com\/index.php\/author\/emmanuelastier37\/"},"uagb_comment_info":0,"uagb_excerpt":"&nbsp; Un article publi\u00e9 le 25 f\u00e9vrier 2015 par Lise Loum\u00e9 sur le site \u00ab\u00a0Sciences et avenir\u00a0\u00bb, aborde les cons\u00e9quences sur la sant\u00e9 du stress subi sur\u00a0 l\u2019enfance et la vie d&rsquo;adulte&#8230;. Ainsi , apr\u00e8s une \u00e9tude r\u00e9alis\u00e9e en Grande&hellip;","jetpack_sharing_enabled":true,"jetpack_shortlink":"https:\/\/wp.me\/p6uLbm-6z","jetpack-related-posts":[{"id":20578,"url":"https:\/\/www.emmanuelastier.com\/index.php\/2024\/01\/27\/conseils-naturopathiques-pour-lutter-contre-les-insomnies\/","url_meta":{"origin":407,"position":0},"title":"Conseils naturopathiques pour lutter contre les insomnies","author":"emmanuelastier37","date":"27 janvier 2024","format":false,"excerpt":"La lutte contre l'insomnie peut \u00eatre abord\u00e9e de mani\u00e8re naturelle en \u00e9liminant certains dysfonctionnements simples, souvent li\u00e9s \u00e0 des habitudes de vie. Toutefois, r\u00e9soudre ce probl\u00e8me demande du temps, de la patience et une approche m\u00e9thodique. Apr\u00e8s une analyse approfondie pour identifier les causes sous-jacentes de l'insomnie, il est clair\u2026","rel":"","context":"Dans &quot;Actualit\u00e9s !&quot;","block_context":{"text":"Actualit\u00e9s !","link":"https:\/\/www.emmanuelastier.com\/index.php\/category\/actualites\/"},"img":{"alt_text":"","src":"https:\/\/i0.wp.com\/www.emmanuelastier.com\/wp-content\/uploads\/2023\/10\/un-petit-chat-qui-manque-de-sommeil.png?fit=1024%2C1024&ssl=1&resize=350%2C200","width":350,"height":200,"srcset":"https:\/\/i0.wp.com\/www.emmanuelastier.com\/wp-content\/uploads\/2023\/10\/un-petit-chat-qui-manque-de-sommeil.png?fit=1024%2C1024&ssl=1&resize=350%2C200 1x, https:\/\/i0.wp.com\/www.emmanuelastier.com\/wp-content\/uploads\/2023\/10\/un-petit-chat-qui-manque-de-sommeil.png?fit=1024%2C1024&ssl=1&resize=525%2C300 1.5x, https:\/\/i0.wp.com\/www.emmanuelastier.com\/wp-content\/uploads\/2023\/10\/un-petit-chat-qui-manque-de-sommeil.png?fit=1024%2C1024&ssl=1&resize=700%2C400 2x"},"classes":[]},{"id":20218,"url":"https:\/\/www.emmanuelastier.com\/index.php\/2023\/11\/24\/la-naturopathie-outil-de-prevention-avant-tout\/","url_meta":{"origin":407,"position":1},"title":"La naturopathie , outil de pr\u00e9vention avant tout !","author":"emmanuelastier37","date":"24 novembre 2023","format":false,"excerpt":"Pr\u00e9server la Sant\u00e9 et le Bien-\u00catre par la Pr\u00e9vention La naturopathie, souvent qualifi\u00e9e de m\u00e9decine alternative, offre une approche holistique de la sant\u00e9, mettant l'accent sur la pr\u00e9vention plut\u00f4t que sur le traitement des maladies. En tant que technique avant tout ax\u00e9e sur la pr\u00e9servation de la sant\u00e9 et du\u2026","rel":"","context":"Dans &quot;Actualit\u00e9s !&quot;","block_context":{"text":"Actualit\u00e9s !","link":"https:\/\/www.emmanuelastier.com\/index.php\/category\/actualites\/"},"img":{"alt_text":"marche","src":"https:\/\/i0.wp.com\/www.emmanuelastier.com\/wp-content\/uploads\/2021\/11\/women-3394510_640.jpg?fit=640%2C426&ssl=1&resize=350%2C200","width":350,"height":200,"srcset":"https:\/\/i0.wp.com\/www.emmanuelastier.com\/wp-content\/uploads\/2021\/11\/women-3394510_640.jpg?fit=640%2C426&ssl=1&resize=350%2C200 1x, https:\/\/i0.wp.com\/www.emmanuelastier.com\/wp-content\/uploads\/2021\/11\/women-3394510_640.jpg?fit=640%2C426&ssl=1&resize=525%2C300 1.5x"},"classes":[]},{"id":19981,"url":"https:\/\/www.emmanuelastier.com\/index.php\/2022\/05\/10\/bien-manger-pour-un-ete-encore-plus-savoureux\/","url_meta":{"origin":407,"position":2},"title":"Bien manger pour un \u00e9t\u00e9 encore plus savoureux ..&nbsp;!","author":"emmanuelastier37","date":"10 mai 2022","format":false,"excerpt":"Difficile aujourd'hui de savoir comment s\u2019alimenter , tout est devenu un v\u00e9ritable casse-t\u00eate, au point que plus on cherche le mode alimentaire id\u00e9al pour \u00eatre en bonne sant\u00e9, moins on sait ce qu\u2019on doit ou peut encore manger\u00a0! \u00c0 cet \u00e9gard, et sous l\u2019appellation \"nutrition sant\u00e9 \", on trouve le\u2026","rel":"","context":"Dans &quot;Actualit\u00e9s !&quot;","block_context":{"text":"Actualit\u00e9s !","link":"https:\/\/www.emmanuelastier.com\/index.php\/category\/actualites\/"},"img":{"alt_text":"potager","src":"https:\/\/i0.wp.com\/www.emmanuelastier.com\/wp-content\/uploads\/2021\/11\/potager-3-scaled.jpg?fit=1200%2C900&ssl=1&resize=350%2C200","width":350,"height":200,"srcset":"https:\/\/i0.wp.com\/www.emmanuelastier.com\/wp-content\/uploads\/2021\/11\/potager-3-scaled.jpg?fit=1200%2C900&ssl=1&resize=350%2C200 1x, https:\/\/i0.wp.com\/www.emmanuelastier.com\/wp-content\/uploads\/2021\/11\/potager-3-scaled.jpg?fit=1200%2C900&ssl=1&resize=525%2C300 1.5x, https:\/\/i0.wp.com\/www.emmanuelastier.com\/wp-content\/uploads\/2021\/11\/potager-3-scaled.jpg?fit=1200%2C900&ssl=1&resize=700%2C400 2x, https:\/\/i0.wp.com\/www.emmanuelastier.com\/wp-content\/uploads\/2021\/11\/potager-3-scaled.jpg?fit=1200%2C900&ssl=1&resize=1050%2C600 3x"},"classes":[]},{"id":20835,"url":"https:\/\/www.emmanuelastier.com\/index.php\/2024\/03\/26\/naturopathie-et-ondes-electromagnetiques-solutions-naturelles-pour-un-bien-etre-optimal\/","url_meta":{"origin":407,"position":3},"title":"Naturopathie et Ondes \u00c9lectromagn\u00e9tiques : Solutions Naturelles pour un Bien-\u00catre Optimal","author":"emmanuelastier37","date":"26 mars 2024","format":false,"excerpt":"Les champs \u00e9lectromagn\u00e9tiques sont pr\u00e9sents dans notre environnement et sont essentiels au bon fonctionnement des appareils du quotidien. En France, ces ondes font l\u2019objet d\u2019une r\u00e9glementation d\u00e9finie. En tant que particulier, vous pouvez demander \u00e0 faire mesurer les niveaux d'ondes auxquels vous \u00eates expos\u00e9. Les ondes \u00e9lectromagn\u00e9tiques : De quoi\u2026","rel":"","context":"Dans &quot;Actualit\u00e9s !&quot;","block_context":{"text":"Actualit\u00e9s !","link":"https:\/\/www.emmanuelastier.com\/index.php\/category\/actualites\/"},"img":{"alt_text":"","src":"https:\/\/i0.wp.com\/www.emmanuelastier.com\/wp-content\/uploads\/2024\/03\/maladies-par-les-ondes.jpeg?fit=719%2C603&ssl=1&resize=350%2C200","width":350,"height":200,"srcset":"https:\/\/i0.wp.com\/www.emmanuelastier.com\/wp-content\/uploads\/2024\/03\/maladies-par-les-ondes.jpeg?fit=719%2C603&ssl=1&resize=350%2C200 1x, https:\/\/i0.wp.com\/www.emmanuelastier.com\/wp-content\/uploads\/2024\/03\/maladies-par-les-ondes.jpeg?fit=719%2C603&ssl=1&resize=525%2C300 1.5x, https:\/\/i0.wp.com\/www.emmanuelastier.com\/wp-content\/uploads\/2024\/03\/maladies-par-les-ondes.jpeg?fit=719%2C603&ssl=1&resize=700%2C400 2x"},"classes":[]},{"id":25085,"url":"https:\/\/www.emmanuelastier.com\/index.php\/2024\/08\/14\/comment-attenuer-les-douleurs-et-desequilibres-hormonaux-avec-des-methodes-naturelles\/","url_meta":{"origin":407,"position":4},"title":"Comment Att\u00e9nuer les Douleurs et D\u00e9s\u00e9quilibres Hormonaux avec des M\u00e9thodes Naturelles","author":"emmanuelastier37","date":"14 ao\u00fbt 2024","format":false,"excerpt":"La m\u00e9nopause marque la fin de la p\u00e9riode reproductive des femmes, entra\u00eenant divers sympt\u00f4mes comme les bouff\u00e9es de chaleur, les troubles du sommeil et la prise de poids. Cet article explore des solutions naturelles pour att\u00e9nuer ces effets, notamment la naturopathie, l'hypnose et une alimentation saine, visant une meilleure qualit\u00e9\u2026","rel":"","context":"Dans &quot;Actualit\u00e9s !&quot;","block_context":{"text":"Actualit\u00e9s !","link":"https:\/\/www.emmanuelastier.com\/index.php\/category\/actualites\/"},"img":{"alt_text":"","src":"https:\/\/i0.wp.com\/www.emmanuelastier.com\/wp-content\/uploads\/2024\/08\/femme-caucasienne-menopause.jpeg?fit=1024%2C1024&ssl=1&resize=350%2C200","width":350,"height":200,"srcset":"https:\/\/i0.wp.com\/www.emmanuelastier.com\/wp-content\/uploads\/2024\/08\/femme-caucasienne-menopause.jpeg?fit=1024%2C1024&ssl=1&resize=350%2C200 1x, https:\/\/i0.wp.com\/www.emmanuelastier.com\/wp-content\/uploads\/2024\/08\/femme-caucasienne-menopause.jpeg?fit=1024%2C1024&ssl=1&resize=525%2C300 1.5x, https:\/\/i0.wp.com\/www.emmanuelastier.com\/wp-content\/uploads\/2024\/08\/femme-caucasienne-menopause.jpeg?fit=1024%2C1024&ssl=1&resize=700%2C400 2x"},"classes":[]},{"id":20039,"url":"https:\/\/www.emmanuelastier.com\/index.php\/2022\/12\/23\/est-il-possible-de-manger-sain-pendant-les-fetes-de-fin-dannee\/","url_meta":{"origin":407,"position":5},"title":"Est il possible de manger sain pendant les F\u00eates de fin d&rsquo;ann\u00e9e ?","author":"emmanuelastier37","date":"23 d\u00e9cembre 2022","format":false,"excerpt":"Le maintien de la sant\u00e9 de votre corps au niveau cellulaire n\u00e9cessite l'orchestration de plusieurs facteurs li\u00e9s au mode de vie, l'alimentation \u00e9tant l'un des plus importants. Pourquoi? Parce que chaque morceau de nourriture que vous mettez dans votre corps devient une partie du cadre de votre biologie.Cela signifie que\u2026","rel":"","context":"Dans &quot;Actualit\u00e9s !&quot;","block_context":{"text":"Actualit\u00e9s !","link":"https:\/\/www.emmanuelastier.com\/index.php\/category\/actualites\/"},"img":{"alt_text":"photo repas de Noel","src":"https:\/\/i0.wp.com\/www.emmanuelastier.com\/wp-content\/uploads\/2022\/12\/photo-repas-de-Noel.jpg?fit=612%2C408&ssl=1&resize=350%2C200","width":350,"height":200,"srcset":"https:\/\/i0.wp.com\/www.emmanuelastier.com\/wp-content\/uploads\/2022\/12\/photo-repas-de-Noel.jpg?fit=612%2C408&ssl=1&resize=350%2C200 1x, https:\/\/i0.wp.com\/www.emmanuelastier.com\/wp-content\/uploads\/2022\/12\/photo-repas-de-Noel.jpg?fit=612%2C408&ssl=1&resize=525%2C300 1.5x"},"classes":[]}],"jetpack_likes_enabled":true,"_links":{"self":[{"href":"https:\/\/www.emmanuelastier.com\/index.php\/wp-json\/wp\/v2\/posts\/407","targetHints":{"allow":["GET"]}}],"collection":[{"href":"https:\/\/www.emmanuelastier.com\/index.php\/wp-json\/wp\/v2\/posts"}],"about":[{"href":"https:\/\/www.emmanuelastier.com\/index.php\/wp-json\/wp\/v2\/types\/post"}],"author":[{"embeddable":true,"href":"https:\/\/www.emmanuelastier.com\/index.php\/wp-json\/wp\/v2\/users\/1"}],"replies":[{"embeddable":true,"href":"https:\/\/www.emmanuelastier.com\/index.php\/wp-json\/wp\/v2\/comments?post=407"}],"version-history":[{"count":2,"href":"https:\/\/www.emmanuelastier.com\/index.php\/wp-json\/wp\/v2\/posts\/407\/revisions"}],"predecessor-version":[{"id":452,"href":"https:\/\/www.emmanuelastier.com\/index.php\/wp-json\/wp\/v2\/posts\/407\/revisions\/452"}],"wp:attachment":[{"href":"https:\/\/www.emmanuelastier.com\/index.php\/wp-json\/wp\/v2\/media?parent=407"}],"wp:term":[{"taxonomy":"category","embeddable":true,"href":"https:\/\/www.emmanuelastier.com\/index.php\/wp-json\/wp\/v2\/categories?post=407"},{"taxonomy":"post_tag","embeddable":true,"href":"https:\/\/www.emmanuelastier.com\/index.php\/wp-json\/wp\/v2\/tags?post=407"}],"curies":[{"name":"wp","href":"https:\/\/api.w.org\/{rel}","templated":true}]}}