{"id":517,"date":"2016-08-05T04:49:03","date_gmt":"2016-08-05T04:49:03","guid":{"rendered":"https:\/\/www.emmanuelastier.com\/?p=517"},"modified":"2025-01-22T09:02:13","modified_gmt":"2025-01-22T07:02:13","slug":"vous-ne-remontez-pas-la-pente-malgre-le-beau-temps","status":"publish","type":"post","link":"https:\/\/www.emmanuelastier.com\/index.php\/2016\/08\/05\/vous-ne-remontez-pas-la-pente-malgre-le-beau-temps\/","title":{"rendered":"Vous ne remontez pas \u00ab\u00a0la pente\u00a0\u00bb malgr\u00e9 le beau temps&#8230;"},"content":{"rendered":"<p>Effectivement, si vous n&rsquo;arrivez pas \u00e0 \u00ab\u00a0remonter la pente\u00a0\u00bb comme l&rsquo;on dit &#8230;. malgr\u00e9 le soleil , le beau temps, les vacances,les amis &#8230; et le ros\u00e9 de Provence (oui.. on peut \u00eatre naturopathe et avoir de l&rsquo;humour&#8230;)\u00a0 ect &#8230;<\/p>\n<p>Il est peut \u00eatre temps de se poser les (bonnes) questions..?<\/p>\n<p>Ce n&rsquo;est peut \u00eatre pas grand chose&#8230; le plus commun\u00e9ment nous souffrons des effets n\u00e9fastes de notre stress journalier pouvant d\u00e9clencher , une fatigue plus importante qui elle m\u00eame peut nous mener jusqu&rsquo;au burn out &#8230;mais la meilleure chose \u00e0 faire est d&rsquo;en \u00eatre certain(e) &#8230;<\/p>\n<p>Aussi, je vous propose de cliquer\u00a0 en dessous pour remplir le questionnaire &#8230;<\/p>\n<p>&nbsp;<\/p>\n<p>&nbsp;<\/p>\n<p><iframe loading=\"lazy\" src=\"https:\/\/docs.google.com\/forms\/d\/e\/1FAIpQLSe0PWTWNOgbdmvPpStKfKTrquSS0pqgJO7wxOVmaXKKld_aYA\/viewform?embedded=true\" width=\"760\" height=\"500\" frameborder=\"0\" marginwidth=\"0\" marginheight=\"0\">Chargement en cours&#8230;<\/iframe><br \/>\nMerci de me le renvoyer , je reprendrais contact avec vous afin de vous donner des pr\u00e9cisions sur vos r\u00e9ponses et envisager la meilleure strat\u00e9gie avec vous pour votre besoin&#8230;<\/p>\n<p>En aucun cas, ce document ne se substitue \u00e0 un d\u00e9pistage m\u00e9dical quel qu&rsquo;il soit , il est de votre responsabilit\u00e9 de prendre rdv avec votre m\u00e9decin traitant\u00a0 afin d&rsquo;\u00e9tablir un traitement m\u00e9dical si n\u00e9cessaire .<\/p>\n","protected":false},"excerpt":{"rendered":"<p>Effectivement, si vous n&rsquo;arrivez pas \u00e0 \u00ab\u00a0remonter la pente\u00a0\u00bb comme l&rsquo;on dit &#8230;. malgr\u00e9 le soleil , le beau temps, les vacances,les amis &#8230; et le ros\u00e9 de Provence (oui.. on peut \u00eatre naturopathe et avoir de l&rsquo;humour&#8230;)\u00a0 ect &#8230;&hellip; <\/p>\n","protected":false},"author":1,"featured_media":459,"comment_status":"closed","ping_status":"open","sticky":true,"template":"","format":"standard","meta":{"_uag_custom_page_level_css":"","_mbp_gutenberg_autopost":false,"jetpack_post_was_ever_published":false,"_jetpack_newsletter_access":"","_jetpack_dont_email_post_to_subs":false,"_jetpack_newsletter_tier_id":0,"_jetpack_memberships_contains_paywalled_content":false,"_jetpack_memberships_contains_paid_content":false,"footnotes":"","jetpack_publicize_message":"","jetpack_publicize_feature_enabled":true,"jetpack_social_post_already_shared":true,"jetpack_social_options":{"image_generator_settings":{"template":"highway","default_image_id":0,"font":"","enabled":false},"version":2}},"categories":[9,8,1221,14,22,6,10,4],"tags":[94,95,27,103,31,101,48,29,92,91,35,28,100,53,104,50,98,30,36,40,63,93,102,96,97,99],"class_list":["post-517","post","type-post","status-publish","format-standard","has-post-thumbnail","hentry","category-actualites","category-alimentation-saine-et-nutrition","category-articles","category-magnetisme-et-autres-therapies","category-pour-vous-aider-des-maintenant","category-pourquoi-vous-adresser-a-moi","category-sante-naturelle-integrative-quest-ce-que-cest","category-sophrologie-hypnose-en-cabinet","tag-alimentation","tag-bien-etre","tag-bonheur","tag-cephalee","tag-confiance","tag-de","tag-depression","tag-effort","tag-epuise","tag-fatigue","tag-france","tag-joie","tag-mal","tag-manque","tag-migraine","tag-passagere","tag-repos","tag-risque","tag-sans","tag-sante","tag-stress","tag-surcharge","tag-tete","tag-travail","tag-vacances","tag-weekend"],"jetpack_publicize_connections":[],"jetpack_featured_media_url":"https:\/\/i0.wp.com\/www.emmanuelastier.com\/wp-content\/uploads\/2016\/05\/image-accouph%C3%A9nes.jpg?fit=505%2C400&ssl=1","uagb_featured_image_src":{"full":["https:\/\/i0.wp.com\/www.emmanuelastier.com\/wp-content\/uploads\/2016\/05\/image-accouph%C3%A9nes.jpg?fit=505%2C400&ssl=1",505,400,false],"thumbnail":["https:\/\/i0.wp.com\/www.emmanuelastier.com\/wp-content\/uploads\/2016\/05\/image-accouph%C3%A9nes.jpg?resize=150%2C150&ssl=1",150,150,true],"medium":["https:\/\/i0.wp.com\/www.emmanuelastier.com\/wp-content\/uploads\/2016\/05\/image-accouph%C3%A9nes.jpg?fit=300%2C238&ssl=1",300,238,true],"medium_large":["https:\/\/i0.wp.com\/www.emmanuelastier.com\/wp-content\/uploads\/2016\/05\/image-accouph%C3%A9nes.jpg?fit=505%2C400&ssl=1",505,400,true],"large":["https:\/\/i0.wp.com\/www.emmanuelastier.com\/wp-content\/uploads\/2016\/05\/image-accouph%C3%A9nes.jpg?fit=505%2C400&ssl=1",505,400,true],"1536x1536":["https:\/\/i0.wp.com\/www.emmanuelastier.com\/wp-content\/uploads\/2016\/05\/image-accouph%C3%A9nes.jpg?fit=505%2C400&ssl=1",505,400,true],"2048x2048":["https:\/\/i0.wp.com\/www.emmanuelastier.com\/wp-content\/uploads\/2016\/05\/image-accouph%C3%A9nes.jpg?fit=505%2C400&ssl=1",505,400,true],"pgmb-post-image":["https:\/\/i0.wp.com\/www.emmanuelastier.com\/wp-content\/uploads\/2016\/05\/image-accouph%C3%A9nes.jpg?resize=505%2C400&ssl=1",505,400,true],"travelify-featured":["https:\/\/i0.wp.com\/www.emmanuelastier.com\/wp-content\/uploads\/2016\/05\/image-accouph%C3%A9nes.jpg?resize=505%2C300&ssl=1",505,300,true],"travelify-featured-medium":["https:\/\/i0.wp.com\/www.emmanuelastier.com\/wp-content\/uploads\/2016\/05\/image-accouph%C3%A9nes.jpg?resize=230%2C230&ssl=1",230,230,true],"travelify-slider":["https:\/\/i0.wp.com\/www.emmanuelastier.com\/wp-content\/uploads\/2016\/05\/image-accouph%C3%A9nes.jpg?resize=505%2C400&ssl=1",505,400,true],"travelify-gallery":["https:\/\/i0.wp.com\/www.emmanuelastier.com\/wp-content\/uploads\/2016\/05\/image-accouph%C3%A9nes.jpg?resize=474%2C342&ssl=1",474,342,true],"woocommerce_thumbnail":["https:\/\/i0.wp.com\/www.emmanuelastier.com\/wp-content\/uploads\/2016\/05\/image-accouph%C3%A9nes.jpg?fit=300%2C238&ssl=1",300,238,true],"woocommerce_single":["https:\/\/i0.wp.com\/www.emmanuelastier.com\/wp-content\/uploads\/2016\/05\/image-accouph%C3%A9nes.jpg?fit=505%2C400&ssl=1",505,400,true],"woocommerce_gallery_thumbnail":["https:\/\/i0.wp.com\/www.emmanuelastier.com\/wp-content\/uploads\/2016\/05\/image-accouph%C3%A9nes.jpg?resize=100%2C100&ssl=1",100,100,true]},"uagb_author_info":{"display_name":"emmanuelastier37","author_link":"https:\/\/www.emmanuelastier.com\/index.php\/author\/emmanuelastier37\/"},"uagb_comment_info":0,"uagb_excerpt":"Effectivement, si vous n&rsquo;arrivez pas \u00e0 \u00ab\u00a0remonter la pente\u00a0\u00bb comme l&rsquo;on dit &#8230;. malgr\u00e9 le soleil , le beau temps, les vacances,les amis &#8230; et le ros\u00e9 de Provence (oui.. on peut \u00eatre naturopathe et avoir de l&rsquo;humour&#8230;)\u00a0 ect &#8230;&hellip;","jetpack_sharing_enabled":true,"jetpack_shortlink":"https:\/\/wp.me\/p6uLbm-8l","jetpack-related-posts":[{"id":25833,"url":"https:\/\/www.emmanuelastier.com\/index.php\/2025\/07\/18\/teleconsultations-et-mieux-etre-nattendez-pas-la-rentree-pour-optimiser-votre-sante\/","url_meta":{"origin":517,"position":0},"title":"T\u00e9l\u00e9consultations et mieux-\u00eatre : n&rsquo;attendez pas la rentr\u00e9e pour optimiser votre sant\u00e9 !","author":"emmanuelastier37","date":"18 juillet 2025","format":false,"excerpt":"L'\u00e9t\u00e9 2025 marque un tournant dans l'accompagnement sant\u00e9 \u00e0 distance. Avec 90% de la population fran\u00e7aise touch\u00e9e par la canicule et les contraintes de d\u00e9placement estivales, les t\u00e9l\u00e9consultations deviennent une solution privil\u00e9gi\u00e9e pour maintenir son bien-\u00eatre. Seniors, professionnels et familles d\u00e9couvrent les bienfaits d'un suivi personnalis\u00e9 depuis leur domicile.ou leur\u2026","rel":"","context":"Dans &quot;Actualit\u00e9s !&quot;","block_context":{"text":"Actualit\u00e9s !","link":"https:\/\/www.emmanuelastier.com\/index.php\/category\/actualites\/"},"img":{"alt_text":"bio energie, champs magn\u00e9tiques puls\u00e9s , biofeedback , booster son \u00e9nergie","src":"https:\/\/i0.wp.com\/www.emmanuelastier.com\/wp-content\/uploads\/2019\/07\/cropped-person-110305__340.jpg?fit=512%2C512&ssl=1&resize=350%2C200","width":350,"height":200},"classes":[]},{"id":20538,"url":"https:\/\/www.emmanuelastier.com\/index.php\/2024\/01\/22\/comprendre-pourquoi-vous-ne-parvenez-pas-a-perdre-du-poids-et-comment-y-remedier\/","url_meta":{"origin":517,"position":1},"title":"\u00ab\u00a0Comprendre pourquoi vous ne parvenez pas \u00e0 perdre du poids et comment y rem\u00e9dier\u00a0\u00bb","author":"emmanuelastier37","date":"22 janvier 2024","format":false,"excerpt":"Si la perte de poids vous \u00e9chappe malgr\u00e9 vos efforts, il est temps de comprendre que cela va au-del\u00e0 de la simple alimentation. Explorez les raisons sous-jacentes qui peuvent entraver votre r\u00e9ussite dans ce processus. La difficult\u00e9 \u00e0 perdre du poids peut \u00eatre attribu\u00e9e \u00e0 divers facteurs, et simplement manger\u2026","rel":"","context":"Dans &quot;Actualit\u00e9s !&quot;","block_context":{"text":"Actualit\u00e9s !","link":"https:\/\/www.emmanuelastier.com\/index.php\/category\/actualites\/"},"img":{"alt_text":"","src":"https:\/\/i0.wp.com\/www.emmanuelastier.com\/wp-content\/uploads\/2022\/03\/legumes-Mars.jpg?fit=1024%2C1024&ssl=1&resize=350%2C200","width":350,"height":200,"srcset":"https:\/\/i0.wp.com\/www.emmanuelastier.com\/wp-content\/uploads\/2022\/03\/legumes-Mars.jpg?fit=1024%2C1024&ssl=1&resize=350%2C200 1x, https:\/\/i0.wp.com\/www.emmanuelastier.com\/wp-content\/uploads\/2022\/03\/legumes-Mars.jpg?fit=1024%2C1024&ssl=1&resize=525%2C300 1.5x, https:\/\/i0.wp.com\/www.emmanuelastier.com\/wp-content\/uploads\/2022\/03\/legumes-Mars.jpg?fit=1024%2C1024&ssl=1&resize=700%2C400 2x"},"classes":[]},{"id":25182,"url":"https:\/\/www.emmanuelastier.com\/index.php\/2024\/08\/27\/comment-gerer-le-stress-de-la-rentree\/","url_meta":{"origin":517,"position":2},"title":"Comment g\u00e9rer le stress de la rentr\u00e9e :","author":"emmanuelastier37","date":"27 ao\u00fbt 2024","format":false,"excerpt":"La rentr\u00e9e de septembre est souvent stressante, mais des solutions naturelles et des techniques de d\u00e9veloppement personnel peuvent aider. On recommande la naturopathie, la sophrologie, l'hypnose, la matrice d\u2019Eisenhower, et la m\u00e9thode Pomodoro. Pour compl\u00e9ter, une alimentation saine favorise la relaxation et l'\u00e9quilibre mental, am\u00e9liorant ainsi le bien-\u00eatre global.","rel":"","context":"Dans &quot;Actualit\u00e9s !&quot;","block_context":{"text":"Actualit\u00e9s !","link":"https:\/\/www.emmanuelastier.com\/index.php\/category\/actualites\/"},"img":{"alt_text":"","src":"https:\/\/i0.wp.com\/www.emmanuelastier.com\/wp-content\/uploads\/2024\/08\/groupe-de-gens-stresses.jpeg?fit=270%2C270&ssl=1&resize=350%2C200","width":350,"height":200},"classes":[]},{"id":24712,"url":"https:\/\/www.emmanuelastier.com\/index.php\/2024\/12\/13\/24712\/","url_meta":{"origin":517,"position":3},"title":"Comment g\u00e9rer votre stress et am\u00e9liorer votre m\u00e9moire !","author":"emmanuelastier37","date":"13 d\u00e9cembre 2024","format":false,"excerpt":"G\u00e9rer le Stress et Am\u00e9liorer la M\u00e9moire pour les Examens : Conseils d'un Naturopathe et Hypnoth\u00e9rapeute Exp\u00e9riment\u00e9 En tant que naturopathe et hypnoth\u00e9rapeute avec plus de 20 ans d'exp\u00e9rience, j'ai travaill\u00e9 avec de nombreux \u00e9tudiants pour les aider \u00e0 g\u00e9rer le stress et \u00e0 am\u00e9liorer leur m\u00e9moire en vue des\u2026","rel":"","context":"Dans &quot;Actualit\u00e9s !&quot;","block_context":{"text":"Actualit\u00e9s !","link":"https:\/\/www.emmanuelastier.com\/index.php\/category\/actualites\/"},"img":{"alt_text":"","src":"https:\/\/i0.wp.com\/www.emmanuelastier.com\/wp-content\/uploads\/2016\/12\/image-r%C3%A9ussir-ses-examens.jpg?fit=600%2C300&ssl=1&resize=350%2C200","width":350,"height":200,"srcset":"https:\/\/i0.wp.com\/www.emmanuelastier.com\/wp-content\/uploads\/2016\/12\/image-r%C3%A9ussir-ses-examens.jpg?fit=600%2C300&ssl=1&resize=350%2C200 1x, https:\/\/i0.wp.com\/www.emmanuelastier.com\/wp-content\/uploads\/2016\/12\/image-r%C3%A9ussir-ses-examens.jpg?fit=600%2C300&ssl=1&resize=525%2C300 1.5x"},"classes":[]},{"id":20151,"url":"https:\/\/www.emmanuelastier.com\/index.php\/2023\/07\/24\/hemochromatose-reduire-naturellement-son-taux-de-fer-dans-le-sang-et-favoriser-la-chelation\/","url_meta":{"origin":517,"position":4},"title":"H\u00e9mochromatose : R\u00e9duire Naturellement son Taux de Fer dans le Sang et Favoriser la Ch\u00e9lation","author":"emmanuelastier37","date":"24 juillet 2023","format":false,"excerpt":"L'h\u00e9mochromatose est une maladie g\u00e9n\u00e9tique caract\u00e9ris\u00e9e par une absorption excessive de fer par l'organisme. L'accumulation excessive de fer peut entra\u00eener des dommages aux organes vitaux tels que le foie, le c\u0153ur et le pancr\u00e9as. Bien que la prise en charge de l'h\u00e9mochromatose n\u00e9cessite g\u00e9n\u00e9ralement des traitements m\u00e9dicaux conventionnels, certains changements\u2026","rel":"","context":"Dans &quot;Actualit\u00e9s !&quot;","block_context":{"text":"Actualit\u00e9s !","link":"https:\/\/www.emmanuelastier.com\/index.php\/category\/actualites\/"},"img":{"alt_text":"","src":"https:\/\/i0.wp.com\/www.emmanuelastier.com\/wp-content\/uploads\/2023\/07\/sang-eliminant-le-trop-plein-de-fer.png?fit=1024%2C1024&ssl=1&resize=350%2C200","width":350,"height":200,"srcset":"https:\/\/i0.wp.com\/www.emmanuelastier.com\/wp-content\/uploads\/2023\/07\/sang-eliminant-le-trop-plein-de-fer.png?fit=1024%2C1024&ssl=1&resize=350%2C200 1x, https:\/\/i0.wp.com\/www.emmanuelastier.com\/wp-content\/uploads\/2023\/07\/sang-eliminant-le-trop-plein-de-fer.png?fit=1024%2C1024&ssl=1&resize=525%2C300 1.5x, https:\/\/i0.wp.com\/www.emmanuelastier.com\/wp-content\/uploads\/2023\/07\/sang-eliminant-le-trop-plein-de-fer.png?fit=1024%2C1024&ssl=1&resize=700%2C400 2x"},"classes":[]},{"id":574,"url":"https:\/\/www.emmanuelastier.com\/index.php\/2016\/11\/23\/comment-survivre-et-prevenir-le-burnout-de-maniere-naturelle\/","url_meta":{"origin":517,"position":5},"title":"Comment survivre et pr\u00e9venir le burnout de mani\u00e8re naturelle ?","author":"emmanuelastier37","date":"23 novembre 2016","format":false,"excerpt":"La d\u00e9finition du Larousse\u00a0: Syndrome d\u2019\u00e9puisement professionnel caract\u00e9ris\u00e9 par une fatigue physique et psychique intense, g\u00e9n\u00e9r\u00e9e par des sentiments d\u2019impuissance et de d\u00e9sespoir. Le syndrome du burnout est caract\u00e9ris\u00e9 \u00a0par un \u00e9puisement g\u00e9n\u00e9ral, psychique, \u00e9motionnel et mental; En clair\u2026 les \u00abbatteries sont \u00e0 plat\u00a0! \u00bb le sujet ne peut plus\u2026","rel":"","context":"Dans &quot;Actualit\u00e9s !&quot;","block_context":{"text":"Actualit\u00e9s !","link":"https:\/\/www.emmanuelastier.com\/index.php\/category\/actualites\/"},"img":{"alt_text":"","src":"https:\/\/i0.wp.com\/www.emmanuelastier.com\/wp-content\/uploads\/2016\/05\/image-accouph%C3%A9nes.jpg?fit=505%2C400&ssl=1&resize=350%2C200","width":350,"height":200},"classes":[]}],"jetpack_likes_enabled":true,"_links":{"self":[{"href":"https:\/\/www.emmanuelastier.com\/index.php\/wp-json\/wp\/v2\/posts\/517","targetHints":{"allow":["GET"]}}],"collection":[{"href":"https:\/\/www.emmanuelastier.com\/index.php\/wp-json\/wp\/v2\/posts"}],"about":[{"href":"https:\/\/www.emmanuelastier.com\/index.php\/wp-json\/wp\/v2\/types\/post"}],"author":[{"embeddable":true,"href":"https:\/\/www.emmanuelastier.com\/index.php\/wp-json\/wp\/v2\/users\/1"}],"replies":[{"embeddable":true,"href":"https:\/\/www.emmanuelastier.com\/index.php\/wp-json\/wp\/v2\/comments?post=517"}],"version-history":[{"count":3,"href":"https:\/\/www.emmanuelastier.com\/index.php\/wp-json\/wp\/v2\/posts\/517\/revisions"}],"predecessor-version":[{"id":520,"href":"https:\/\/www.emmanuelastier.com\/index.php\/wp-json\/wp\/v2\/posts\/517\/revisions\/520"}],"wp:featuredmedia":[{"embeddable":true,"href":"https:\/\/www.emmanuelastier.com\/index.php\/wp-json\/wp\/v2\/media\/459"}],"wp:attachment":[{"href":"https:\/\/www.emmanuelastier.com\/index.php\/wp-json\/wp\/v2\/media?parent=517"}],"wp:term":[{"taxonomy":"category","embeddable":true,"href":"https:\/\/www.emmanuelastier.com\/index.php\/wp-json\/wp\/v2\/categories?post=517"},{"taxonomy":"post_tag","embeddable":true,"href":"https:\/\/www.emmanuelastier.com\/index.php\/wp-json\/wp\/v2\/tags?post=517"}],"curies":[{"name":"wp","href":"https:\/\/api.w.org\/{rel}","templated":true}]}}