{"id":544,"date":"2016-10-07T06:20:55","date_gmt":"2016-10-07T06:20:55","guid":{"rendered":"https:\/\/www.emmanuelastier.com\/?p=544"},"modified":"2025-01-22T09:02:13","modified_gmt":"2025-01-22T07:02:13","slug":"les-dernieres-nouvelles","status":"publish","type":"post","link":"https:\/\/www.emmanuelastier.com\/index.php\/2016\/10\/07\/les-dernieres-nouvelles\/","title":{"rendered":"Les derni\u00e8res nouvelles"},"content":{"rendered":"<p><a href=\"https:\/\/www.chambre-professions-sante-durable.fr\" target=\"_blank\"><img data-recalc-dims=\"1\" loading=\"lazy\" decoding=\"async\" data-attachment-id=\"536\" data-permalink=\"https:\/\/www.emmanuelastier.com\/index.php\/mes-partenaires-institutionnels\/logo-pro-de-la-sante-durable\/\" data-orig-file=\"https:\/\/i0.wp.com\/www.emmanuelastier.com\/wp-content\/uploads\/2015\/07\/logo-pro-de-la-sant%C3%A9-durable.jpg?fit=225%2C225&amp;ssl=1\" data-orig-size=\"225,225\" data-comments-opened=\"0\" data-image-meta=\"{&quot;aperture&quot;:&quot;0&quot;,&quot;credit&quot;:&quot;&quot;,&quot;camera&quot;:&quot;&quot;,&quot;caption&quot;:&quot;&quot;,&quot;created_timestamp&quot;:&quot;0&quot;,&quot;copyright&quot;:&quot;&quot;,&quot;focal_length&quot;:&quot;0&quot;,&quot;iso&quot;:&quot;0&quot;,&quot;shutter_speed&quot;:&quot;0&quot;,&quot;title&quot;:&quot;&quot;,&quot;orientation&quot;:&quot;0&quot;}\" data-image-title=\"logo-pro-de-la-sante-durable\" data-image-description=\"\" data-image-caption=\"\" data-large-file=\"https:\/\/i0.wp.com\/www.emmanuelastier.com\/wp-content\/uploads\/2015\/07\/logo-pro-de-la-sant%C3%A9-durable.jpg?fit=225%2C225&amp;ssl=1\" class=\"alignnone wp-image-536 size-full\" src=\"https:\/\/i0.wp.com\/www.emmanuelastier.com\/wp-content\/uploads\/2015\/07\/logo-pro-de-la-sant%C3%A9-durable.jpg?resize=225%2C225&#038;ssl=1\" alt=\"logo-pro-de-la-sante-durable\" width=\"225\" height=\"225\" srcset=\"https:\/\/i0.wp.com\/www.emmanuelastier.com\/wp-content\/uploads\/2015\/07\/logo-pro-de-la-sant%C3%A9-durable.jpg?w=225&amp;ssl=1 225w, https:\/\/i0.wp.com\/www.emmanuelastier.com\/wp-content\/uploads\/2015\/07\/logo-pro-de-la-sant%C3%A9-durable.jpg?resize=150%2C150&amp;ssl=1 150w, https:\/\/i0.wp.com\/www.emmanuelastier.com\/wp-content\/uploads\/2015\/07\/logo-pro-de-la-sant%C3%A9-durable.jpg?resize=180%2C180&amp;ssl=1 180w\" sizes=\"auto, (max-width: 225px) 100vw, 225px\" \/><\/a><\/p>\n<p><em><strong>Je viens d\u2019\u00eatre accept\u00e9 comme\u00a0 membre de la Chambre Nationale des Professions de la <\/strong><\/em><em><strong>Sant\u00e9 Durable.<\/strong><\/em><\/p>\n<p><em><strong> Cette Association nationale regroupe des praticiens de sant\u00e9 naturelle et des M\u00e9decins, Sages -femmes, Chirurgiens dentistes, Ost\u00e9opathes, Kin\u00e9sith\u00e9rapeutes , Ergoth\u00e9rapeutes, Infirmiers, Psychologues&#8230; enfin un mouvement intelligent qui comprends que chacun \u00e0 notre niveau nous avons tous notre raison d\u2019\u00eatre dans le retour \u00e0 la sant\u00e9 \u00a0 :<\/strong><\/em><\/p>\n<p><strong>Son ambition est de f\u00e9d\u00e9rer des praticiens de haut niveau de comp\u00e9tences, de les accompagner, d\u2019encourager la synergie des disciplines, d\u2019agir pour la s\u00e9curit\u00e9 du patient et l\u2019efficacit\u00e9 des soins, plus que jamais, poursuivre l\u2019objectif de maintenir un \u00e9quilibre entre le milieu naturel et l\u2019\u00eatre humain.<\/strong><\/p>\n<p>&nbsp;<\/p>\n","protected":false},"excerpt":{"rendered":"<p>Je viens d\u2019\u00eatre accept\u00e9 comme\u00a0 membre de la Chambre Nationale des Professions de la Sant\u00e9 Durable. Cette Association nationale regroupe des praticiens de sant\u00e9 naturelle et des M\u00e9decins, Sages -femmes, Chirurgiens dentistes, Ost\u00e9opathes, Kin\u00e9sith\u00e9rapeutes , Ergoth\u00e9rapeutes, Infirmiers, Psychologues&#8230; enfin un&hellip; <\/p>\n","protected":false},"author":1,"featured_media":0,"comment_status":"closed","ping_status":"open","sticky":true,"template":"","format":"standard","meta":{"_uag_custom_page_level_css":"","_mbp_gutenberg_autopost":false,"jetpack_post_was_ever_published":false,"_jetpack_newsletter_access":"","_jetpack_dont_email_post_to_subs":true,"_jetpack_newsletter_tier_id":0,"_jetpack_memberships_contains_paywalled_content":false,"_jetpack_memberships_contains_paid_content":false,"footnotes":"","jetpack_publicize_message":"","jetpack_publicize_feature_enabled":true,"jetpack_social_post_already_shared":true,"jetpack_social_options":{"image_generator_settings":{"template":"highway","default_image_id":0,"font":"","enabled":false},"version":2}},"categories":[9,1221,10],"tags":[],"class_list":["post-544","post","type-post","status-publish","format-standard","hentry","category-actualites","category-articles","category-sante-naturelle-integrative-quest-ce-que-cest"],"jetpack_publicize_connections":[],"jetpack_featured_media_url":"","uagb_featured_image_src":{"full":false,"thumbnail":false,"medium":false,"medium_large":false,"large":false,"1536x1536":false,"2048x2048":false,"pgmb-post-image":false,"travelify-featured":false,"travelify-featured-medium":false,"travelify-slider":false,"travelify-gallery":false,"woocommerce_thumbnail":false,"woocommerce_single":false,"woocommerce_gallery_thumbnail":false},"uagb_author_info":{"display_name":"emmanuelastier37","author_link":"https:\/\/www.emmanuelastier.com\/index.php\/author\/emmanuelastier37\/"},"uagb_comment_info":0,"uagb_excerpt":"Je viens d\u2019\u00eatre accept\u00e9 comme\u00a0 membre de la Chambre Nationale des Professions de la Sant\u00e9 Durable. Cette Association nationale regroupe des praticiens de sant\u00e9 naturelle et des M\u00e9decins, Sages -femmes, Chirurgiens dentistes, Ost\u00e9opathes, Kin\u00e9sith\u00e9rapeutes , Ergoth\u00e9rapeutes, Infirmiers, Psychologues&#8230; enfin un&hellip;","jetpack_sharing_enabled":true,"jetpack_shortlink":"https:\/\/wp.me\/p6uLbm-8M","jetpack-related-posts":[{"id":19952,"url":"https:\/\/www.emmanuelastier.com\/index.php\/2022\/03\/25\/la-liste-noire-des-parfums-les-plus-connus-mais-aussi-les-plus-toxiques-pour-votre-sante\/","url_meta":{"origin":544,"position":0},"title":"La Liste noire des parfums les plus connus mais aussi les plus toxiques &#8230;.pour votre sant\u00e9 !","author":"emmanuelastier37","date":"25 mars 2022","format":false,"excerpt":"La Liste Noire des Parfums Dangereux Pour Votre Sant\u00e9\u00a0! M\u00eame si l'Agence nationale de s\u00e9curit\u00e9 du m\u00e9dicament peut \u00e0 tout moment contr\u00f4ler les produits en question, les \u00e9carts de conduite sont tr\u00e8s courants ! Car un parfum industriel, c'est d'abord fait avec des produits synth\u00e9tiques issus du p\u00e9trole. Ils peuvent\u2026","rel":"","context":"Dans &quot;Actualit\u00e9s !&quot;","block_context":{"text":"Actualit\u00e9s !","link":"https:\/\/www.emmanuelastier.com\/index.php\/category\/actualites\/"},"img":{"alt_text":"","src":"","width":0,"height":0},"classes":[]},{"id":25824,"url":"https:\/\/www.emmanuelastier.com\/index.php\/2025\/07\/15\/sante-mentale-et-seniors-liberez-la-parole-grace-a-la-meta-hypnose-meta-transformation\/","url_meta":{"origin":544,"position":1},"title":"Sant\u00e9 mentale et seniors : lib\u00e9rez la parole gr\u00e2ce \u00e0 la M\u00e9ta Hypnose M\u00e9ta transformation","author":"emmanuelastier37","date":"15 juillet 2025","format":false,"excerpt":"La sant\u00e9 mentale devient la grande cause nationale 2025 avec le slogan \u00ab Parlons sant\u00e9 mentale ! \u00bb. Pour les seniors, briser le silence autour de leurs pr\u00e9occupations psychologiques repr\u00e9sente souvent un d\u00e9fi majeur. La m\u00e9ta-hypnose et la m\u00e9ta-transformation offrent des solutions douces et efficaces pour lib\u00e9rer cette parole si\u2026","rel":"","context":"Dans &quot;Actualit\u00e9s !&quot;","block_context":{"text":"Actualit\u00e9s !","link":"https:\/\/www.emmanuelastier.com\/index.php\/category\/actualites\/"},"img":{"alt_text":"marche","src":"https:\/\/i0.wp.com\/www.emmanuelastier.com\/wp-content\/uploads\/2021\/11\/women-3394510_640.jpg?fit=640%2C426&ssl=1&resize=350%2C200","width":350,"height":200,"srcset":"https:\/\/i0.wp.com\/www.emmanuelastier.com\/wp-content\/uploads\/2021\/11\/women-3394510_640.jpg?fit=640%2C426&ssl=1&resize=350%2C200 1x, https:\/\/i0.wp.com\/www.emmanuelastier.com\/wp-content\/uploads\/2021\/11\/women-3394510_640.jpg?fit=640%2C426&ssl=1&resize=525%2C300 1.5x"},"classes":[]},{"id":19783,"url":"https:\/\/www.emmanuelastier.com\/index.php\/2021\/09\/09\/quelles-sont-les-mutuelles-qui-remboursent-lhypnotherapie\/","url_meta":{"origin":544,"position":2},"title":"Quelles sont les Mutuelles qui remboursent l&rsquo;hypnoth\u00e9rapie ?","author":"emmanuelastier37","date":"9 septembre 2021","format":false,"excerpt":"Depuis bient\u00f4t 1 an , (exactement D\u00e9cembre dernier...) nul besoin d'attendre la fin de l'ann\u00e9e pour changer de mutuelle compl\u00e9mentaire sant\u00e9 ..\u00a0! Aussi n'h\u00e9sitez pas \u00e0 comparer \u2026 pourquoi se priver des bienfaits de l'hypnose .. et des autres techniques de sant\u00e9 naturelle puisque de plus en plus les mutuelles\u2026","rel":"","context":"Dans &quot;Actualit\u00e9s !&quot;","block_context":{"text":"Actualit\u00e9s !","link":"https:\/\/www.emmanuelastier.com\/index.php\/category\/actualites\/"},"img":{"alt_text":"","src":"https:\/\/i0.wp.com\/www.emmanuelastier.com\/wp-content\/uploads\/2021\/09\/euro-argent-liquide-1089776-2.jpg?fit=1084%2C652&ssl=1&resize=350%2C200","width":350,"height":200,"srcset":"https:\/\/i0.wp.com\/www.emmanuelastier.com\/wp-content\/uploads\/2021\/09\/euro-argent-liquide-1089776-2.jpg?fit=1084%2C652&ssl=1&resize=350%2C200 1x, https:\/\/i0.wp.com\/www.emmanuelastier.com\/wp-content\/uploads\/2021\/09\/euro-argent-liquide-1089776-2.jpg?fit=1084%2C652&ssl=1&resize=525%2C300 1.5x, https:\/\/i0.wp.com\/www.emmanuelastier.com\/wp-content\/uploads\/2021\/09\/euro-argent-liquide-1089776-2.jpg?fit=1084%2C652&ssl=1&resize=700%2C400 2x, https:\/\/i0.wp.com\/www.emmanuelastier.com\/wp-content\/uploads\/2021\/09\/euro-argent-liquide-1089776-2.jpg?fit=1084%2C652&ssl=1&resize=1050%2C600 3x"},"classes":[]},{"id":25953,"url":"https:\/\/www.emmanuelastier.com\/index.php\/2025\/10\/12\/etat-de-sante-de-la-population-francaise-lurgence-de-la-prevention-naturelle\/","url_meta":{"origin":544,"position":3},"title":"\u00c9tat de Sant\u00e9 de la Population Fran\u00e7aise : L&rsquo;Urgence de la Pr\u00e9vention Naturelle","author":"emmanuelastier37","date":"12 octobre 2025","format":false,"excerpt":"Les derni\u00e8res donn\u00e9es officielles r\u00e9v\u00e8lent une augmentation pr\u00e9occupante des maladies chroniques en France. Face \u00e0 ce constat, l'approche pr\u00e9ventive en\u00a0naturopathie\u00a0devient essentielle pour pr\u00e9server votre capital sant\u00e9. Mon bilan de vitalit\u00e9 identifie vos facteurs de risque personnels et \u00e9tablit un programme pr\u00e9ventif sur-mesure. La\u00a0cuisine sant\u00e9\u00a0alcalinisante r\u00e9duit l'inflammation chronique, terreau des pathologies\u2026","rel":"","context":"Dans &quot;Actualit\u00e9s !&quot;","block_context":{"text":"Actualit\u00e9s !","link":"https:\/\/www.emmanuelastier.com\/index.php\/category\/actualites\/"},"img":{"alt_text":"a woman touching her forehead while eyes closed","src":"https:\/\/i0.wp.com\/www.emmanuelastier.com\/wp-content\/uploads\/2025\/07\/pexels-photo-6173666.jpeg?fit=1200%2C800&ssl=1&resize=350%2C200","width":350,"height":200,"srcset":"https:\/\/i0.wp.com\/www.emmanuelastier.com\/wp-content\/uploads\/2025\/07\/pexels-photo-6173666.jpeg?fit=1200%2C800&ssl=1&resize=350%2C200 1x, https:\/\/i0.wp.com\/www.emmanuelastier.com\/wp-content\/uploads\/2025\/07\/pexels-photo-6173666.jpeg?fit=1200%2C800&ssl=1&resize=525%2C300 1.5x, https:\/\/i0.wp.com\/www.emmanuelastier.com\/wp-content\/uploads\/2025\/07\/pexels-photo-6173666.jpeg?fit=1200%2C800&ssl=1&resize=700%2C400 2x, https:\/\/i0.wp.com\/www.emmanuelastier.com\/wp-content\/uploads\/2025\/07\/pexels-photo-6173666.jpeg?fit=1200%2C800&ssl=1&resize=1050%2C600 3x"},"classes":[]},{"id":25939,"url":"https:\/\/www.emmanuelastier.com\/index.php\/2025\/10\/10\/sante-mentale-laccompagnement-naturel-des-troubles-psychologiques\/","url_meta":{"origin":544,"position":4},"title":"Sant\u00e9 Mentale : L&rsquo;Accompagnement Naturel des Troubles Psychologiques","author":"emmanuelastier37","date":"10 octobre 2025","format":false,"excerpt":"Face \u00e0 l'augmentation de 31% des recherches d'aide psychologique, l'accompagnement en\u00a0naturopathie\u00a0devient essentiel pour soutenir votre sant\u00e9 mentale naturellement. Les troubles les plus recherch\u00e9s (apathie, stress, col\u00e8re, peur, solitude) trouvent des r\u00e9ponses efficaces dans mon approche int\u00e9grative. La\u00a0psychoth\u00e9rapie positive\u00a0d\u00e9veloppe votre r\u00e9silience \u00e9motionnelle et vos ressources int\u00e9rieures.","rel":"","context":"Dans &quot;Actualit\u00e9s !&quot;","block_context":{"text":"Actualit\u00e9s !","link":"https:\/\/www.emmanuelastier.com\/index.php\/category\/actualites\/"},"img":{"alt_text":"","src":"https:\/\/i0.wp.com\/www.emmanuelastier.com\/wp-content\/uploads\/2025\/10\/35cd9121-dd9d-4c38-9d13-2c0487fb935e_wm-scaled.jpeg?fit=1200%2C670&ssl=1&resize=350%2C200","width":350,"height":200,"srcset":"https:\/\/i0.wp.com\/www.emmanuelastier.com\/wp-content\/uploads\/2025\/10\/35cd9121-dd9d-4c38-9d13-2c0487fb935e_wm-scaled.jpeg?fit=1200%2C670&ssl=1&resize=350%2C200 1x, https:\/\/i0.wp.com\/www.emmanuelastier.com\/wp-content\/uploads\/2025\/10\/35cd9121-dd9d-4c38-9d13-2c0487fb935e_wm-scaled.jpeg?fit=1200%2C670&ssl=1&resize=525%2C300 1.5x, https:\/\/i0.wp.com\/www.emmanuelastier.com\/wp-content\/uploads\/2025\/10\/35cd9121-dd9d-4c38-9d13-2c0487fb935e_wm-scaled.jpeg?fit=1200%2C670&ssl=1&resize=700%2C400 2x, https:\/\/i0.wp.com\/www.emmanuelastier.com\/wp-content\/uploads\/2025\/10\/35cd9121-dd9d-4c38-9d13-2c0487fb935e_wm-scaled.jpeg?fit=1200%2C670&ssl=1&resize=1050%2C600 3x"},"classes":[]},{"id":25925,"url":"https:\/\/www.emmanuelastier.com\/index.php\/2025\/10\/08\/troubles-du-sommeil-et-changement-dheure-solutions-naturelles\/","url_meta":{"origin":544,"position":5},"title":"Troubles du Sommeil et Changement d&rsquo;Heure : Solutions Naturelles","author":"emmanuelastier37","date":"8 octobre 2025","format":false,"excerpt":"Le changement d'heure perturbe notre horloge biologique, causant difficult\u00e9s d'endormissement, r\u00e9veils nocturnes et fatigue. En\u00a0naturopathie, j'accompagne ces d\u00e9r\u00e8glements par une approche globale int\u00e9grant corps et esprit. La\u00a0sophrologie\u00a0offre des techniques de relaxation profonde qui r\u00e9gulent naturellement les cycles du sommeil. Mes s\u00e9ances de\u00a0m\u00e9ta-hypnose\u00a0reprogramment votre subconscient pour installer de nouveaux rythmes circadiens\u2026","rel":"","context":"Dans &quot;Actualit\u00e9s !&quot;","block_context":{"text":"Actualit\u00e9s !","link":"https:\/\/www.emmanuelastier.com\/index.php\/category\/actualites\/"},"img":{"alt_text":"","src":"https:\/\/i0.wp.com\/www.emmanuelastier.com\/wp-content\/uploads\/2025\/10\/6c53b68e-a088-4431-bbd0-b0ca3ec48a34_wm-scaled.jpeg?fit=1200%2C670&ssl=1&resize=350%2C200","width":350,"height":200,"srcset":"https:\/\/i0.wp.com\/www.emmanuelastier.com\/wp-content\/uploads\/2025\/10\/6c53b68e-a088-4431-bbd0-b0ca3ec48a34_wm-scaled.jpeg?fit=1200%2C670&ssl=1&resize=350%2C200 1x, https:\/\/i0.wp.com\/www.emmanuelastier.com\/wp-content\/uploads\/2025\/10\/6c53b68e-a088-4431-bbd0-b0ca3ec48a34_wm-scaled.jpeg?fit=1200%2C670&ssl=1&resize=525%2C300 1.5x, https:\/\/i0.wp.com\/www.emmanuelastier.com\/wp-content\/uploads\/2025\/10\/6c53b68e-a088-4431-bbd0-b0ca3ec48a34_wm-scaled.jpeg?fit=1200%2C670&ssl=1&resize=700%2C400 2x, https:\/\/i0.wp.com\/www.emmanuelastier.com\/wp-content\/uploads\/2025\/10\/6c53b68e-a088-4431-bbd0-b0ca3ec48a34_wm-scaled.jpeg?fit=1200%2C670&ssl=1&resize=1050%2C600 3x"},"classes":[]}],"jetpack_likes_enabled":true,"_links":{"self":[{"href":"https:\/\/www.emmanuelastier.com\/index.php\/wp-json\/wp\/v2\/posts\/544","targetHints":{"allow":["GET"]}}],"collection":[{"href":"https:\/\/www.emmanuelastier.com\/index.php\/wp-json\/wp\/v2\/posts"}],"about":[{"href":"https:\/\/www.emmanuelastier.com\/index.php\/wp-json\/wp\/v2\/types\/post"}],"author":[{"embeddable":true,"href":"https:\/\/www.emmanuelastier.com\/index.php\/wp-json\/wp\/v2\/users\/1"}],"replies":[{"embeddable":true,"href":"https:\/\/www.emmanuelastier.com\/index.php\/wp-json\/wp\/v2\/comments?post=544"}],"version-history":[{"count":2,"href":"https:\/\/www.emmanuelastier.com\/index.php\/wp-json\/wp\/v2\/posts\/544\/revisions"}],"predecessor-version":[{"id":546,"href":"https:\/\/www.emmanuelastier.com\/index.php\/wp-json\/wp\/v2\/posts\/544\/revisions\/546"}],"wp:attachment":[{"href":"https:\/\/www.emmanuelastier.com\/index.php\/wp-json\/wp\/v2\/media?parent=544"}],"wp:term":[{"taxonomy":"category","embeddable":true,"href":"https:\/\/www.emmanuelastier.com\/index.php\/wp-json\/wp\/v2\/categories?post=544"},{"taxonomy":"post_tag","embeddable":true,"href":"https:\/\/www.emmanuelastier.com\/index.php\/wp-json\/wp\/v2\/tags?post=544"}],"curies":[{"name":"wp","href":"https:\/\/api.w.org\/{rel}","templated":true}]}}