{"id":574,"date":"2016-11-23T16:25:59","date_gmt":"2016-11-23T16:25:59","guid":{"rendered":"https:\/\/www.emmanuelastier.com\/?p=574"},"modified":"2025-01-22T09:02:13","modified_gmt":"2025-01-22T07:02:13","slug":"comment-survivre-et-prevenir-le-burnout-de-maniere-naturelle","status":"publish","type":"post","link":"https:\/\/www.emmanuelastier.com\/index.php\/2016\/11\/23\/comment-survivre-et-prevenir-le-burnout-de-maniere-naturelle\/","title":{"rendered":"Comment survivre et pr\u00e9venir le burnout de mani\u00e8re naturelle ?"},"content":{"rendered":"<p><strong>La d\u00e9finition du Larousse\u00a0:<\/strong><\/p>\n<p><strong>Syndrome d\u2019\u00e9puisement professionnel caract\u00e9ris\u00e9 par une fatigue physique et psychique intense, g\u00e9n\u00e9r\u00e9e par des sentiments d\u2019impuissance et de d\u00e9sespoir. <\/strong><\/p>\n<p><strong>Le syndrome du burnout est caract\u00e9ris\u00e9 \u00a0par un \u00e9puisement g\u00e9n\u00e9ral, psychique, \u00e9motionnel et mental; En clair\u2026 les \u00abbatteries sont \u00e0 plat\u00a0! \u00bb le sujet ne peut plus \u00a0r\u00e9cup\u00e9rer sur de courtes dur\u00e9es. Ce syndrome d\u2019\u00e9puisement s\u2019accompagne d\u2019une s\u00e9rie de \u00ab\u00a0manifestations\u00a0\u00bb. <\/strong><\/p>\n<p>Le vieil adage que nous connaissons tous disant que le travail, c&rsquo;est la sant\u00e9 ne serait il plus vrai..\u00a0?<\/p>\n<p>En tous cas, nous nous apercevons de plus en plus qu\u2019il ne concerne pourtant pas tout le monde. Si la plupart des travailleurs pensent \u00eatre \u00e0 l&rsquo;abri du burnout, ce \u00ab\u00a0nouveau mal du si\u00e8cle\u00a0\u00bb \u00a0peut toucher n&rsquo;importe qui et surtout les plus perfectionnistes et consciencieux d&rsquo;entre \u00a0nous. Il est souvent difficile d\u2019admettre que les personnes les plus concern\u00e9es surestiment leurs forces, ne connaissant pas leurs limites, elles s\u2019\u00e9puisent sur le long terme. Les cons\u00e9quences peuvent \u00eatre redoutables pour la sant\u00e9, jusqu&rsquo;au moment ou le corps lui-m\u00eame ne pourra plus avancer. Alors avant d\u2019en arriver l\u00e0 , peut-\u00eatre est-il temps en cette p\u00e9riode de rfin d\u2019automne \/ d\u00e9but d\u2019hivers, d&rsquo;apprendre \u00e0 mieux se conna\u00eetre, pour mieux se renforcer et prot\u00e9ger notre hygi\u00e8ne de vie professionnelle et personnelle.<\/p>\n<p>Le burnout est bien une maladie diagnostiqu\u00e9e par un m\u00e9decin, mais sa gu\u00e9rison peut \u00a0aussi \u00eatre aid\u00e9 par des traitements parall\u00e8les.<strong> Je suis <\/strong><strong>naturopathe<\/strong> et mon r\u00f4le, est de vous aider \u00e0 am\u00e9liorer votre sant\u00e9 gr\u00e2ce aux m\u00e9thodes naturelles, et de vous conseiller pour retrouver l&rsquo;envie de prendre soin de vous et des v\u00f4tres. Mes diff\u00e9rents \u00ab\u00a0outils\u00a0\u00bb vont \u00eatre \u00a0la nutrition et l\u2019alimentation saine, l&rsquo;exercice physique, la relaxation, les plantes, les massages, des exercices de respiration, l\u2019hypnose et autres \u00e9tats modifi\u00e9s de conscience etc. \u00c9videmment, chaque personne \u00e9tant unique, les m\u00e9thodes sont personnalis\u00e9es selon vos\u00a0 besoins.<\/p>\n<p><strong><u>Se (re)prendre en main\u00a0:<\/u><\/strong><\/p>\n<p><strong>Le burnout, c&rsquo;est quoi exactement ?<\/strong><\/p>\n<p>Tout d&rsquo;abord, il doit imp\u00e9rativement \u00eatre diagnostiqu\u00e9 par un m\u00e9decin. On le d\u00e9finit surtout comme un \u00e9puisement professionnel g\u00e9n\u00e9ralis\u00e9, vous laissant dans un \u00e9tat de fatigue tr\u00e8s intense. On perd tout contr\u00f4le, et il n\u2019y a plus moyen de travailler. On dit que c&rsquo;est un syndrome d&rsquo;\u00e9puisement \u00e9motionnel et donc petit \u00e0 petit, suite \u00e0 un stress chronique, le corps s&rsquo;\u00e9puise. Les cas extr\u00eames arrivent m\u00eame \u00a0\u00e0 un stade de d\u00e9personnalisation, de perte totale de l&rsquo;estime de soi. Les personnes allant vers des situations extr\u00eames o\u00f9 elles ne peuvent m\u00eame plus se lever le matin pour se rendre au travail et accomplir leurs t\u00e2ches quotidiennes.<\/p>\n<p><strong>Quels sont les \u00ab\u00a0manifestations\u00a0\u00bb <\/strong>?<\/p>\n<p>L&rsquo;humeur se d\u00e9grade, un sentiment de tristesse permanente, fatigue chronique, troubles du sommeil et de l\u2019endormissement, probl\u00e8mes digestifs, une mauvaise alimentation et souvent pour les gastronomes plus le gout \u00e0 cuisiner ou d\u00e9guster, migraines, perte d&rsquo;estime de soi, probl\u00e8mes de concentration, tension art\u00e9rielle plus importante, on ressent des douleurs un peu partout (estomac, dos, articulations, vertiges, naus\u00e9es, t\u00eate etc.).<\/p>\n","protected":false},"excerpt":{"rendered":"<p>La d\u00e9finition du Larousse\u00a0: Syndrome d\u2019\u00e9puisement professionnel caract\u00e9ris\u00e9 par une fatigue physique et psychique intense, g\u00e9n\u00e9r\u00e9e par des sentiments d\u2019impuissance et de d\u00e9sespoir. Le syndrome du burnout est caract\u00e9ris\u00e9 \u00a0par un \u00e9puisement g\u00e9n\u00e9ral, psychique, \u00e9motionnel et mental; En clair\u2026 les&hellip; <\/p>\n","protected":false},"author":1,"featured_media":459,"comment_status":"closed","ping_status":"open","sticky":true,"template":"","format":"standard","meta":{"_uag_custom_page_level_css":"","_mbp_gutenberg_autopost":false,"jetpack_post_was_ever_published":false,"_jetpack_newsletter_access":"","_jetpack_dont_email_post_to_subs":false,"_jetpack_newsletter_tier_id":0,"_jetpack_memberships_contains_paywalled_content":false,"_jetpack_memberships_contains_paid_content":false,"footnotes":"","jetpack_publicize_message":"","jetpack_publicize_feature_enabled":true,"jetpack_social_post_already_shared":true,"jetpack_social_options":{"image_generator_settings":{"template":"highway","default_image_id":0,"font":"","enabled":false},"version":2}},"categories":[9,1221,10],"tags":[157,156,142,155,48,162,161,91,163,158,165,164,160,159],"class_list":["post-574","post","type-post","status-publish","format-standard","has-post-thumbnail","hentry","category-actualites","category-articles","category-sante-naturelle-integrative-quest-ce-que-cest","tag-burn","tag-burnout","tag-chronique","tag-depressif","tag-depression","tag-desespoir","tag-epuisement","tag-fatigue","tag-impuissance","tag-out","tag-recuperer","tag-regenerer","tag-syndrome","tag-tristesse"],"jetpack_publicize_connections":[],"jetpack_featured_media_url":"https:\/\/i0.wp.com\/www.emmanuelastier.com\/wp-content\/uploads\/2016\/05\/image-accouph%C3%A9nes.jpg?fit=505%2C400&ssl=1","uagb_featured_image_src":{"full":["https:\/\/i0.wp.com\/www.emmanuelastier.com\/wp-content\/uploads\/2016\/05\/image-accouph%C3%A9nes.jpg?fit=505%2C400&ssl=1",505,400,false],"thumbnail":["https:\/\/i0.wp.com\/www.emmanuelastier.com\/wp-content\/uploads\/2016\/05\/image-accouph%C3%A9nes.jpg?resize=150%2C150&ssl=1",150,150,true],"medium":["https:\/\/i0.wp.com\/www.emmanuelastier.com\/wp-content\/uploads\/2016\/05\/image-accouph%C3%A9nes.jpg?fit=300%2C238&ssl=1",300,238,true],"medium_large":["https:\/\/i0.wp.com\/www.emmanuelastier.com\/wp-content\/uploads\/2016\/05\/image-accouph%C3%A9nes.jpg?fit=505%2C400&ssl=1",505,400,true],"large":["https:\/\/i0.wp.com\/www.emmanuelastier.com\/wp-content\/uploads\/2016\/05\/image-accouph%C3%A9nes.jpg?fit=505%2C400&ssl=1",505,400,true],"1536x1536":["https:\/\/i0.wp.com\/www.emmanuelastier.com\/wp-content\/uploads\/2016\/05\/image-accouph%C3%A9nes.jpg?fit=505%2C400&ssl=1",505,400,true],"2048x2048":["https:\/\/i0.wp.com\/www.emmanuelastier.com\/wp-content\/uploads\/2016\/05\/image-accouph%C3%A9nes.jpg?fit=505%2C400&ssl=1",505,400,true],"pgmb-post-image":["https:\/\/i0.wp.com\/www.emmanuelastier.com\/wp-content\/uploads\/2016\/05\/image-accouph%C3%A9nes.jpg?resize=505%2C400&ssl=1",505,400,true],"travelify-featured":["https:\/\/i0.wp.com\/www.emmanuelastier.com\/wp-content\/uploads\/2016\/05\/image-accouph%C3%A9nes.jpg?resize=505%2C300&ssl=1",505,300,true],"travelify-featured-medium":["https:\/\/i0.wp.com\/www.emmanuelastier.com\/wp-content\/uploads\/2016\/05\/image-accouph%C3%A9nes.jpg?resize=230%2C230&ssl=1",230,230,true],"travelify-slider":["https:\/\/i0.wp.com\/www.emmanuelastier.com\/wp-content\/uploads\/2016\/05\/image-accouph%C3%A9nes.jpg?resize=505%2C400&ssl=1",505,400,true],"travelify-gallery":["https:\/\/i0.wp.com\/www.emmanuelastier.com\/wp-content\/uploads\/2016\/05\/image-accouph%C3%A9nes.jpg?resize=474%2C342&ssl=1",474,342,true],"woocommerce_thumbnail":["https:\/\/i0.wp.com\/www.emmanuelastier.com\/wp-content\/uploads\/2016\/05\/image-accouph%C3%A9nes.jpg?fit=300%2C238&ssl=1",300,238,true],"woocommerce_single":["https:\/\/i0.wp.com\/www.emmanuelastier.com\/wp-content\/uploads\/2016\/05\/image-accouph%C3%A9nes.jpg?fit=505%2C400&ssl=1",505,400,true],"woocommerce_gallery_thumbnail":["https:\/\/i0.wp.com\/www.emmanuelastier.com\/wp-content\/uploads\/2016\/05\/image-accouph%C3%A9nes.jpg?resize=100%2C100&ssl=1",100,100,true]},"uagb_author_info":{"display_name":"emmanuelastier37","author_link":"https:\/\/www.emmanuelastier.com\/index.php\/author\/emmanuelastier37\/"},"uagb_comment_info":0,"uagb_excerpt":"La d\u00e9finition du Larousse\u00a0: Syndrome d\u2019\u00e9puisement professionnel caract\u00e9ris\u00e9 par une fatigue physique et psychique intense, g\u00e9n\u00e9r\u00e9e par des sentiments d\u2019impuissance et de d\u00e9sespoir. Le syndrome du burnout est caract\u00e9ris\u00e9 \u00a0par un \u00e9puisement g\u00e9n\u00e9ral, psychique, \u00e9motionnel et mental; En clair\u2026 les&hellip;","jetpack_sharing_enabled":true,"jetpack_shortlink":"https:\/\/wp.me\/p6uLbm-9g","jetpack-related-posts":[{"id":789,"url":"https:\/\/www.emmanuelastier.com\/index.php\/2017\/07\/06\/le-paquet-de-cigarettes-a-10-euros-cest-le-moment-darreter-vraiment\/","url_meta":{"origin":574,"position":0},"title":"Le paquet de cigarettes \u00e0 10 euros &#8230; c&rsquo;est le moment d\u2019arr\u00eater&#8230; vraiment !","author":"emmanuelastier37","date":"6 juillet 2017","format":false,"excerpt":"bonjour \u00e0 toutes et \u00e0 tous ... J'ai fait un rapide petit calcul... si vous fumez actuellement 20 cigarettes par jour (ce qui est peu ...la moyenne de mes patients fument 30 cigarettes par jour ...) cela vous coute ... sur 1 mois...un peu plus de 200\u20ac... honn\u00eatement.. pour 5\u20ac\u2026","rel":"","context":"Dans &quot;Actualit\u00e9s !&quot;","block_context":{"text":"Actualit\u00e9s !","link":"https:\/\/www.emmanuelastier.com\/index.php\/category\/actualites\/"},"img":{"alt_text":"","src":"https:\/\/i0.wp.com\/www.emmanuelastier.com\/wp-content\/uploads\/2015\/07\/danger-poison-cigarette1.jpg?fit=252%2C200&ssl=1&resize=350%2C200","width":350,"height":200},"classes":[]},{"id":6755,"url":"https:\/\/www.emmanuelastier.com\/index.php\/2018\/02\/12\/la-luminotherapie\/","url_meta":{"origin":574,"position":1},"title":"La Luminoth\u00e9rapie","author":"emmanuelastier37","date":"12 f\u00e9vrier 2018","format":false,"excerpt":"Suite et fin ... bonjour \u00e0 toutes et \u00e0 tous ... Voici ci dessous la vid\u00e9o de mon intervention dans l'\u00e9mission TILT sur TV Tours le 2 F\u00e9vrier dernier ... je vous joins aussi en dessous le lien de l'article \u00e9crit pour l'\u00e9mission... Pour retrouver ma s\u00e9lection de mod\u00e8le je\u2026","rel":"","context":"Dans &quot;Actualit\u00e9s !&quot;","block_context":{"text":"Actualit\u00e9s !","link":"https:\/\/www.emmanuelastier.com\/index.php\/category\/actualites\/"},"img":{"alt_text":"","src":"https:\/\/i0.wp.com\/www.emmanuelastier.com\/wp-content\/uploads\/2018\/02\/carte-de-lensoleillement.jpg?fit=664%2C641&ssl=1&resize=350%2C200","width":350,"height":200,"srcset":"https:\/\/i0.wp.com\/www.emmanuelastier.com\/wp-content\/uploads\/2018\/02\/carte-de-lensoleillement.jpg?fit=664%2C641&ssl=1&resize=350%2C200 1x, https:\/\/i0.wp.com\/www.emmanuelastier.com\/wp-content\/uploads\/2018\/02\/carte-de-lensoleillement.jpg?fit=664%2C641&ssl=1&resize=525%2C300 1.5x"},"classes":[]},{"id":576,"url":"https:\/\/www.emmanuelastier.com\/index.php\/2016\/11\/23\/burn-out-la-suite\/","url_meta":{"origin":574,"position":2},"title":"Burn out &#8230; la suite &#8230;","author":"emmanuelastier37","date":"23 novembre 2016","format":false,"excerpt":"Qui est plus particuli\u00e8rement expos\u00e9 \u00e0 ce mal-\u00eatre ? Tout le monde peut \u00eatre touch\u00e9 par le burnout, mais les causes sont souvent multifactorielles. Il faut \u00eatre soumis \u00e0 un stress chronique, souvent une charge de travail importante, des probl\u00e8mes d'organisation et de communication au sein de l'entreprise. Les hommes\u2026","rel":"","context":"Dans &quot;Actualit\u00e9s !&quot;","block_context":{"text":"Actualit\u00e9s !","link":"https:\/\/www.emmanuelastier.com\/index.php\/category\/actualites\/"},"img":{"alt_text":"","src":"","width":0,"height":0},"classes":[]},{"id":597,"url":"https:\/\/www.emmanuelastier.com\/index.php\/2016\/12\/16\/vaccins-oui-a-la-protection-non-a-la-repression\/","url_meta":{"origin":574,"position":3},"title":"Vaccins : oui \u00e0 la protection, non \u00e0 la r\u00e9pression","author":"emmanuelastier37","date":"16 d\u00e9cembre 2016","format":false,"excerpt":"\u00a0 Encore une fois , Nous assistons \u00e0 une transformation spectaculaire de la r\u00e9glementation dictatoriale de la vaccination, passant sans transition de 3 \u00e0 11 vaccins obligatoires pour les enfants (et... pour les adultes et les personnes \u00e2g\u00e9es ... c'est pour quant ..?). Si l'on voulait nous \"plomber\"....on ne s'y\u2026","rel":"","context":"Dans &quot;Actualit\u00e9s !&quot;","block_context":{"text":"Actualit\u00e9s !","link":"https:\/\/www.emmanuelastier.com\/index.php\/category\/actualites\/"},"img":{"alt_text":"","src":"https:\/\/i0.wp.com\/www.emmanuelastier.com\/wp-content\/uploads\/2016\/12\/image-r%C3%A9ussir-ses-examens-300x150.jpg?resize=350%2C200&ssl=1","width":350,"height":200},"classes":[]},{"id":13343,"url":"https:\/\/www.emmanuelastier.com\/index.php\/2018\/06\/14\/fatigue-chronique-pourquoi-comment-sen-sortir\/","url_meta":{"origin":574,"position":4},"title":"Fatigue chronique , pourquoi &#8230; comment s&rsquo;en sortir ?","author":"emmanuelastier37","date":"14 juin 2018","format":false,"excerpt":"\u00a0 Le syndrome de fatigue chronique est des plus myst\u00e9rieux : ses causes sont tr\u00e8s mal connues, tout comme la mani\u00e8re d\u2019en sortir. Une personne sur cinq dit vivre en grande fatigue chronique. Malheureusement, cette fatigue chronique se caract\u00e9rise\u00a0 par un \u00e9tat de fatigue prolong\u00e9 et profond dont on semble\u2026","rel":"","context":"Dans &quot;Articles&quot;","block_context":{"text":"Articles","link":"https:\/\/www.emmanuelastier.com\/index.php\/category\/articles\/"},"img":{"alt_text":"","src":"https:\/\/i0.wp.com\/www.emmanuelastier.com\/wp-content\/uploads\/2018\/06\/female-relaxing-at-spa_4460x4460.jpg?fit=1105%2C1200&ssl=1&resize=350%2C200","width":350,"height":200,"srcset":"https:\/\/i0.wp.com\/www.emmanuelastier.com\/wp-content\/uploads\/2018\/06\/female-relaxing-at-spa_4460x4460.jpg?fit=1105%2C1200&ssl=1&resize=350%2C200 1x, https:\/\/i0.wp.com\/www.emmanuelastier.com\/wp-content\/uploads\/2018\/06\/female-relaxing-at-spa_4460x4460.jpg?fit=1105%2C1200&ssl=1&resize=525%2C300 1.5x, https:\/\/i0.wp.com\/www.emmanuelastier.com\/wp-content\/uploads\/2018\/06\/female-relaxing-at-spa_4460x4460.jpg?fit=1105%2C1200&ssl=1&resize=700%2C400 2x, https:\/\/i0.wp.com\/www.emmanuelastier.com\/wp-content\/uploads\/2018\/06\/female-relaxing-at-spa_4460x4460.jpg?fit=1105%2C1200&ssl=1&resize=1050%2C600 3x"},"classes":[]},{"id":12861,"url":"https:\/\/www.emmanuelastier.com\/index.php\/2018\/06\/06\/fatiguee-epuisee-et-si-vous-tentiez-lanalyse-de-vos-cheveux\/","url_meta":{"origin":574,"position":5},"title":"Fatigu\u00e9(e) &#8230; \u00e9puis\u00e9(e)&#8230; et si vous tentiez l&rsquo;analyse de vos cheveux ?","author":"emmanuelastier37","date":"6 juin 2018","format":false,"excerpt":"Nos cheveux sont le reflet de notre sant\u00e9 ! Aujourd'hui, il nous est facile de rapidement cerner les carences dont nous souffrons et y rem\u00e9dier dans les meilleurs d\u00e9lais. Grace \u00e0 l\u2019analyse de cheveux , vous allez pouvoir rapidement garder ou am\u00e9liorer votre forme et votre sant\u00e9 ! Stress, fatigue,\u2026","rel":"","context":"Dans &quot;Actualit\u00e9s !&quot;","block_context":{"text":"Actualit\u00e9s !","link":"https:\/\/www.emmanuelastier.com\/index.php\/category\/actualites\/"},"img":{"alt_text":"","src":"https:\/\/i0.wp.com\/www.emmanuelastier.com\/wp-content\/uploads\/2018\/06\/analyse-minerale-des-cheveux.jpg?fit=470%2C470&ssl=1&resize=350%2C200","width":350,"height":200},"classes":[]}],"jetpack_likes_enabled":true,"_links":{"self":[{"href":"https:\/\/www.emmanuelastier.com\/index.php\/wp-json\/wp\/v2\/posts\/574","targetHints":{"allow":["GET"]}}],"collection":[{"href":"https:\/\/www.emmanuelastier.com\/index.php\/wp-json\/wp\/v2\/posts"}],"about":[{"href":"https:\/\/www.emmanuelastier.com\/index.php\/wp-json\/wp\/v2\/types\/post"}],"author":[{"embeddable":true,"href":"https:\/\/www.emmanuelastier.com\/index.php\/wp-json\/wp\/v2\/users\/1"}],"replies":[{"embeddable":true,"href":"https:\/\/www.emmanuelastier.com\/index.php\/wp-json\/wp\/v2\/comments?post=574"}],"version-history":[{"count":1,"href":"https:\/\/www.emmanuelastier.com\/index.php\/wp-json\/wp\/v2\/posts\/574\/revisions"}],"predecessor-version":[{"id":575,"href":"https:\/\/www.emmanuelastier.com\/index.php\/wp-json\/wp\/v2\/posts\/574\/revisions\/575"}],"wp:featuredmedia":[{"embeddable":true,"href":"https:\/\/www.emmanuelastier.com\/index.php\/wp-json\/wp\/v2\/media\/459"}],"wp:attachment":[{"href":"https:\/\/www.emmanuelastier.com\/index.php\/wp-json\/wp\/v2\/media?parent=574"}],"wp:term":[{"taxonomy":"category","embeddable":true,"href":"https:\/\/www.emmanuelastier.com\/index.php\/wp-json\/wp\/v2\/categories?post=574"},{"taxonomy":"post_tag","embeddable":true,"href":"https:\/\/www.emmanuelastier.com\/index.php\/wp-json\/wp\/v2\/tags?post=574"}],"curies":[{"name":"wp","href":"https:\/\/api.w.org\/{rel}","templated":true}]}}